{"id":14284,"date":"2025-01-21T14:23:33","date_gmt":"2025-01-21T20:23:33","guid":{"rendered":"https:\/\/cronicadesoledad.com\/?p=14284"},"modified":"2025-01-21T14:23:33","modified_gmt":"2025-01-21T20:23:33","slug":"concierto-de-invierno-en-la-casa-de-cultura-del-barrio-de-tlaxcala","status":"publish","type":"post","link":"https:\/\/cronicadesoledad.com\/index.php\/2025\/01\/21\/concierto-de-invierno-en-la-casa-de-cultura-del-barrio-de-tlaxcala\/","title":{"rendered":"CONCIERTO DE INVIERNO EN LA CASA DE CULTURA DEL BARRIO DE TLAXCALA"},"content":{"rendered":"\n<p>La Secretaria de Cultura de Gobierno del Estado invita al p\u00fablico en general a disfrutar del Concierto de Invierno que se llevar\u00e1 a cabo en la Casa de Cultura del Barrio de Tlaxcala, la cita es el jueves 30 de enero a las 17:00 h, entrada libre.<\/p>\n\n\n\n<p>Este concierto que ofrece la Casa de Cultura del Barrio de Tlaxcala tiene el objetivo de contribuir a la difusi\u00f3n del arte y la cultura entre habitantes de este lugar y visitantes.<\/p>\n\n\n\n<p>Ser\u00e1 la Academia de M\u00fasica de reciente creaci\u00f3n \u201cInspiratio\u201d quien interpretar\u00e1 este concierto con la participaci\u00f3n de personal acad\u00e9mico utilizando instrumentos como piano, flauta, viol\u00edn, violonchelo, bater\u00eda, canto, guitarra, solfeo, ukulele y m\u00e1s.<\/p>\n","protected":false},"excerpt":{"rendered":"<p>La cita es el jueves 30 de enero a las 17:00 h, entrada libre.<\/p>\n","protected":false},"author":1,"featured_media":14285,"comment_status":"open","ping_status":"open","sticky":false,"template":"","format":"standard","meta":{"footnotes":""},"categories":[3171,3080],"tags":[334,2913,261,336,2790],"class_list":{"0":"post-14284","1":"post","2":"type-post","3":"status-publish","4":"format-standard","5":"has-post-thumbnail","7":"category-cultura","8":"category-slp","9":"tag-cultura","10":"tag-musica-2","11":"tag-slp","12":"tag-tlaxcala","13":"tag-tradicion"},"_links":{"self":[{"href":"https:\/\/cronicadesoledad.com\/index.php\/wp-json\/wp\/v2\/posts\/14284","targetHints":{"allow":["GET"]}}],"collection":[{"href":"https:\/\/cronicadesoledad.com\/index.php\/wp-json\/wp\/v2\/posts"}],"about":[{"href":"https:\/\/cronicadesoledad.com\/index.php\/wp-json\/wp\/v2\/types\/post"}],"author":[{"embeddable":true,"href":"https:\/\/cronicadesoledad.com\/index.php\/wp-json\/wp\/v2\/users\/1"}],"replies":[{"embeddable":true,"href":"https:\/\/cronicadesoledad.com\/index.php\/wp-json\/wp\/v2\/comments?post=14284"}],"version-history":[{"count":1,"href":"https:\/\/cronicadesoledad.com\/index.php\/wp-json\/wp\/v2\/posts\/14284\/revisions"}],"predecessor-version":[{"id":14286,"href":"https:\/\/cronicadesoledad.com\/index.php\/wp-json\/wp\/v2\/posts\/14284\/revisions\/14286"}],"wp:featuredmedia":[{"embeddable":true,"href":"https:\/\/cronicadesoledad.com\/index.php\/wp-json\/wp\/v2\/media\/14285"}],"wp:attachment":[{"href":"https:\/\/cronicadesoledad.com\/index.php\/wp-json\/wp\/v2\/media?parent=14284"}],"wp:term":[{"taxonomy":"category","embeddable":true,"href":"https:\/\/cronicadesoledad.com\/index.php\/wp-json\/wp\/v2\/categories?post=14284"},{"taxonomy":"post_tag","embeddable":true,"href":"https:\/\/cronicadesoledad.com\/index.php\/wp-json\/wp\/v2\/tags?post=14284"}],"curies":[{"name":"wp","href":"https:\/\/api.w.org\/{rel}","templated":true}]}}