{"id":14287,"date":"2025-01-21T14:31:22","date_gmt":"2025-01-21T20:31:22","guid":{"rendered":"https:\/\/cronicadesoledad.com\/?p=14287"},"modified":"2025-01-21T14:31:22","modified_gmt":"2025-01-21T20:31:22","slug":"en-tiempos-de-trump-entranables-historias-de-migrantes-cine-y-terroristas","status":"publish","type":"post","link":"https:\/\/cronicadesoledad.com\/index.php\/2025\/01\/21\/en-tiempos-de-trump-entranables-historias-de-migrantes-cine-y-terroristas\/","title":{"rendered":"EN TIEMPOS DE TRUMP, ENTRA\u00d1ABLES HISTORIAS DE MIGRANTES, CINE, Y TERRORISTAS"},"content":{"rendered":"\n<p>La Secretar\u00eda de Cultura de Gobierno del Estado invita a la presentaci\u00f3n del libro \u201cUSA! USA! Mitos y antimitos estadounidenses\u2026\u201d que har\u00e1 el escritor Esteban Mart\u00ednez Sifuentes, potosino, migrante, hijo de braceros, escritor de m\u00e1s de media docena de libros y residente en la Ciudad de M\u00e9xico desde los 90\u2019, la cita es el jueves 23 de enero a las 19:00 h, en el Museo Leonora Carrington del Centro de las Artes San Luis Potos\u00ed.<\/p>\n\n\n\n<p>Este libro de ensayos y narraciones, reci\u00e9n editado por la Editorial Almuzara, contiene 13 historias; incluyendo el pr\u00f3logo, donde el autor nos habla de c\u00f3mo inici\u00f3 su fascinaci\u00f3n y experiencia en ese pa\u00eds que empieza a transitar el segundo mandato del presidente Donald Trump.<\/p>\n\n\n\n<p>\u201cEstados Unidos de Am\u00e9rica es un archirreconocido trapo sagrado de 50 estrellas y 13 franjas horizontales\u201d, nos dice el escritor (Cerritos, SLP, 1960) al inicio de su libro. Y enseguida complementa que esa naci\u00f3n multirracial tambi\u00e9n es: \u201ccapitalismo feroz, consumismo, esclavitud, mafia, drogas, apuestas, inmigrantes\u201d.<\/p>\n\n\n\n<p>Son escritos cr\u00edticos y sensibles donde desde la ficci\u00f3n o la realidad nos habla con humor e iron\u00eda de la pena de muerte (\u201cLa primera vez que me ejecutaron\u201d), el terrorismo (\u201cMcVeigh, de la mediocridad a la fama de Er\u00f3strato\u201d), la m\u00fasica de Guthrie y Bob Dylan (\u201cReuni\u00f3n de locos\u201d), o del conmovedor regreso de un viejo migrante (\u201cFin del camino\u201d).<\/p>\n","protected":false},"excerpt":{"rendered":"<p>El libro \u201cUSA! USA!\u201d se presenta este jueves 23 de enero a las 19:00 horas en el Museo Leonora Carrington del CEART SLP<\/p>\n","protected":false},"author":1,"featured_media":14288,"comment_status":"open","ping_status":"open","sticky":false,"template":"","format":"standard","meta":{"footnotes":""},"categories":[3171,1,3080],"tags":[3172,3173,334,704,261],"class_list":{"0":"post-14287","1":"post","2":"type-post","3":"status-publish","4":"format-standard","5":"has-post-thumbnail","7":"category-cultura","8":"category-destacadas","9":"category-slp","10":"tag-ceart","11":"tag-centro-de-las-artes","12":"tag-cultura","13":"tag-libros","14":"tag-slp"},"_links":{"self":[{"href":"https:\/\/cronicadesoledad.com\/index.php\/wp-json\/wp\/v2\/posts\/14287","targetHints":{"allow":["GET"]}}],"collection":[{"href":"https:\/\/cronicadesoledad.com\/index.php\/wp-json\/wp\/v2\/posts"}],"about":[{"href":"https:\/\/cronicadesoledad.com\/index.php\/wp-json\/wp\/v2\/types\/post"}],"author":[{"embeddable":true,"href":"https:\/\/cronicadesoledad.com\/index.php\/wp-json\/wp\/v2\/users\/1"}],"replies":[{"embeddable":true,"href":"https:\/\/cronicadesoledad.com\/index.php\/wp-json\/wp\/v2\/comments?post=14287"}],"version-history":[{"count":1,"href":"https:\/\/cronicadesoledad.com\/index.php\/wp-json\/wp\/v2\/posts\/14287\/revisions"}],"predecessor-version":[{"id":14289,"href":"https:\/\/cronicadesoledad.com\/index.php\/wp-json\/wp\/v2\/posts\/14287\/revisions\/14289"}],"wp:featuredmedia":[{"embeddable":true,"href":"https:\/\/cronicadesoledad.com\/index.php\/wp-json\/wp\/v2\/media\/14288"}],"wp:attachment":[{"href":"https:\/\/cronicadesoledad.com\/index.php\/wp-json\/wp\/v2\/media?parent=14287"}],"wp:term":[{"taxonomy":"category","embeddable":true,"href":"https:\/\/cronicadesoledad.com\/index.php\/wp-json\/wp\/v2\/categories?post=14287"},{"taxonomy":"post_tag","embeddable":true,"href":"https:\/\/cronicadesoledad.com\/index.php\/wp-json\/wp\/v2\/tags?post=14287"}],"curies":[{"name":"wp","href":"https:\/\/api.w.org\/{rel}","templated":true}]}}