{"id":14314,"date":"2025-01-22T12:14:55","date_gmt":"2025-01-22T18:14:55","guid":{"rendered":"https:\/\/cronicadesoledad.com\/?p=14314"},"modified":"2025-01-22T12:14:56","modified_gmt":"2025-01-22T18:14:56","slug":"abrira-villa-de-pozos-modulo-para-expedicion-de-cartas-de-antecedentes-no-penales","status":"publish","type":"post","link":"https:\/\/cronicadesoledad.com\/index.php\/2025\/01\/22\/abrira-villa-de-pozos-modulo-para-expedicion-de-cartas-de-antecedentes-no-penales\/","title":{"rendered":"ABRIR\u00c1 VILLA DE POZOS M\u00d3DULO PARA EXPEDICI\u00d3N DE CARTAS DE ANTECEDENTES NO PENALES"},"content":{"rendered":"\n<p>Con el objetivo de brindar un servicio m\u00e1s accesible y eficiente a los habitantes de Villa de Pozos, el Concejo Municipal, en coordinaci\u00f3n con la Secretar\u00eda de Seguridad y Protecci\u00f3n Ciudadana del Estado (SSPC) y la Direcci\u00f3n General de Prevenci\u00f3n y Reinserci\u00f3n Social, instalar\u00e1 un m\u00f3dulo para la expedici\u00f3n de constancias de antecedentes no penales el jueves 23 de enero en la Administraci\u00f3n Municipal de Villa de Pozos, ubicada en la presidencia municipal, en Jardin principal no.1 de 10:00 am a 14:00 horas.<\/p>\n\n\n\n<p>Esta medida permitir\u00e1 a las y los ciudadanos, cada jueves obtener este importante documento sin tener que desplazarse hasta la capital del Estado, as\u00ed lo destac\u00f3 la Presidenta Concejal de Villa de Pozos, Teresa Rivera Acevedo, quien mencion\u00f3 que esto contribuir\u00e1 a acortar tiempos y distancias para facilitar el acceso a un servicio esencial para la comunidad.<\/p>\n\n\n\n<p>Los requisitos para la expedici\u00f3n de las cartas de antecedentes no penales son: copia de acta de nacimiento, copia de identificaci\u00f3n oficial (INE), comprobante de domicilio y dos fotograf\u00edas tama\u00f1o infantil a color con fondo blanco.<\/p>\n\n\n\n<p>Este m\u00f3dulo busca garantizar una soluci\u00f3n pr\u00e1ctica y r\u00e1pida a las necesidades de la poblaci\u00f3n en general para demostrar el compromiso del Concejo Municipal de Villa de Pozos en mejorar la calidad de vida de sus habitantes y facilitar su acceso a servicios gubernamentales.<\/p>\n","protected":false},"excerpt":{"rendered":"<p>Con apoyo de Gobierno del Estado implementar\u00e1 un m\u00f3dulo los jueves para agilizar el proceso y evitar traslados a la capital.<\/p>\n","protected":false},"author":1,"featured_media":14315,"comment_status":"open","ping_status":"open","sticky":false,"template":"","format":"standard","meta":{"footnotes":""},"categories":[1,3175],"tags":[3181,1067,460,3180,1068],"class_list":{"0":"post-14314","1":"post","2":"type-post","3":"status-publish","4":"format-standard","5":"has-post-thumbnail","7":"category-destacadas","8":"category-pozos","9":"tag-cartilla-de-no-antecedentes","10":"tag-pozos","11":"tag-sspc","12":"tag-tramites-3","13":"tag-villa-de-pozos"},"_links":{"self":[{"href":"https:\/\/cronicadesoledad.com\/index.php\/wp-json\/wp\/v2\/posts\/14314","targetHints":{"allow":["GET"]}}],"collection":[{"href":"https:\/\/cronicadesoledad.com\/index.php\/wp-json\/wp\/v2\/posts"}],"about":[{"href":"https:\/\/cronicadesoledad.com\/index.php\/wp-json\/wp\/v2\/types\/post"}],"author":[{"embeddable":true,"href":"https:\/\/cronicadesoledad.com\/index.php\/wp-json\/wp\/v2\/users\/1"}],"replies":[{"embeddable":true,"href":"https:\/\/cronicadesoledad.com\/index.php\/wp-json\/wp\/v2\/comments?post=14314"}],"version-history":[{"count":1,"href":"https:\/\/cronicadesoledad.com\/index.php\/wp-json\/wp\/v2\/posts\/14314\/revisions"}],"predecessor-version":[{"id":14316,"href":"https:\/\/cronicadesoledad.com\/index.php\/wp-json\/wp\/v2\/posts\/14314\/revisions\/14316"}],"wp:featuredmedia":[{"embeddable":true,"href":"https:\/\/cronicadesoledad.com\/index.php\/wp-json\/wp\/v2\/media\/14315"}],"wp:attachment":[{"href":"https:\/\/cronicadesoledad.com\/index.php\/wp-json\/wp\/v2\/media?parent=14314"}],"wp:term":[{"taxonomy":"category","embeddable":true,"href":"https:\/\/cronicadesoledad.com\/index.php\/wp-json\/wp\/v2\/categories?post=14314"},{"taxonomy":"post_tag","embeddable":true,"href":"https:\/\/cronicadesoledad.com\/index.php\/wp-json\/wp\/v2\/tags?post=14314"}],"curies":[{"name":"wp","href":"https:\/\/api.w.org\/{rel}","templated":true}]}}