{"id":14323,"date":"2025-01-22T20:27:49","date_gmt":"2025-01-23T02:27:49","guid":{"rendered":"https:\/\/cronicadesoledad.com\/?p=14323"},"modified":"2025-01-22T20:27:49","modified_gmt":"2025-01-23T02:27:49","slug":"ayuntamiento-refuerza-operativo-invernal","status":"publish","type":"post","link":"https:\/\/cronicadesoledad.com\/index.php\/2025\/01\/22\/ayuntamiento-refuerza-operativo-invernal\/","title":{"rendered":"Ayuntamiento refuerza operativo invernal"},"content":{"rendered":"\n<p>Ante las bajas temperaturas que se registran desde anoche en la zona metropolitana, el Gobierno Municipal de Soledad de Graciano S\u00e1nchez, intensific\u00f3 el Operativo Invernal para salvaguardar a las personas en situaci\u00f3n de calle, brind\u00e1ndoles asistencia m\u00e9dica; durante la jornada se entregaron alrededor de 45 cobijas y colchonetas en distintos puntos de la demarcaci\u00f3n.<\/p>\n\n\n\n<p>Por indicaciones del Alcalde, Juan Manuel Navarro Mu\u00f1iz, personal de la Coordinaci\u00f3n Municipal de Protecci\u00f3n Civil llev\u00f3 a cabo un recorrido, la noche de ayer, por las principales avenidas del municipio, atendiendo la pol\u00edtica de cercan\u00eda con la poblaci\u00f3n y atendiendo a los sectores m\u00e1s vulnerables, evitando situaciones de riesgo por las inclemencias clim\u00e1ticas.<\/p>\n\n\n\n<p>El Operativo inici\u00f3 en la carretera a Matehuala, y se recorrieron avenidas como Valent\u00edn Amador, de Los Pinos, Bulevar Valle de los Fantasmas, Circuito Potos\u00ed oriente, camino a San Pedro, en localidades como Bosques de San Pedro y el Hospital General IMSS-Bienestar de Soledsd. El despliegue const\u00f3 de tres unidades de Protecci\u00f3n Civil y una ambulancia; durante el recorrido, se entregaron cobijas y colchonetas a quienes se encontraban a la intemperie.<\/p>\n\n\n\n<p>Derivado de estas labores, se apoy\u00f3 a una persona del sexo masculino al estar en estado de desorientaci\u00f3n, y quien dijo tener su domicilio en la colonia Rivas Guillen; se le brind\u00f3 asistencia y traslado hasta su vivienda. Adem\u00e1s, se ofreci\u00f3 el traslado al refugio del Sistema para el Desarrollo Integral de la Familia (DIF) Municipal, un espacio seguro que proporciona alimentos calientes y un lugar digno para dormir.&nbsp;<\/p>\n\n\n\n<p>Estas acciones demuestran el compromiso del Gobierno Municipal de Soledad de Graciano S\u00e1nchez con el bienestar de las familias y la atenci\u00f3n a quienes m\u00e1s lo necesitan, y reafirman su cercan\u00eda con la poblaci\u00f3n en situaciones adversas.<\/p>\n\n\n\n<p>Para cualquier situaci\u00f3n de riesgo o emergencia, la poblaci\u00f3n puede comunicarse al tel\u00e9fono: 444 831 12 60.<\/p>\n","protected":false},"excerpt":{"rendered":"<p>Ante las bajas temperaturas que se registran desde anoche en la zona metropolitana, el Gobierno Municipal de Soledad de Graciano S\u00e1nchez, intensific\u00f3 el Operativo Invernal para salvaguardar a las personas en situaci\u00f3n de calle, brind\u00e1ndoles asistencia m\u00e9dica; durante la jornada se entregaron alrededor de 45 cobijas y colchonetas en distintos puntos de la demarcaci\u00f3n. Por [&hellip;]<\/p>\n","protected":false},"author":2,"featured_media":14324,"comment_status":"open","ping_status":"open","sticky":false,"template":"","format":"standard","meta":{"footnotes":""},"categories":[1,24,21],"tags":[223,445,2918,294,261,27],"class_list":{"0":"post-14323","1":"post","2":"type-post","3":"status-publish","4":"format-standard","5":"has-post-thumbnail","7":"category-destacadas","8":"category-informacion-general","9":"category-tu-soledad","10":"tag-ayuntamiento-soledense","11":"tag-invierno","12":"tag-operativo-invernal","13":"tag-san-luis","14":"tag-slp","15":"tag-soledad"},"_links":{"self":[{"href":"https:\/\/cronicadesoledad.com\/index.php\/wp-json\/wp\/v2\/posts\/14323","targetHints":{"allow":["GET"]}}],"collection":[{"href":"https:\/\/cronicadesoledad.com\/index.php\/wp-json\/wp\/v2\/posts"}],"about":[{"href":"https:\/\/cronicadesoledad.com\/index.php\/wp-json\/wp\/v2\/types\/post"}],"author":[{"embeddable":true,"href":"https:\/\/cronicadesoledad.com\/index.php\/wp-json\/wp\/v2\/users\/2"}],"replies":[{"embeddable":true,"href":"https:\/\/cronicadesoledad.com\/index.php\/wp-json\/wp\/v2\/comments?post=14323"}],"version-history":[{"count":1,"href":"https:\/\/cronicadesoledad.com\/index.php\/wp-json\/wp\/v2\/posts\/14323\/revisions"}],"predecessor-version":[{"id":14325,"href":"https:\/\/cronicadesoledad.com\/index.php\/wp-json\/wp\/v2\/posts\/14323\/revisions\/14325"}],"wp:featuredmedia":[{"embeddable":true,"href":"https:\/\/cronicadesoledad.com\/index.php\/wp-json\/wp\/v2\/media\/14324"}],"wp:attachment":[{"href":"https:\/\/cronicadesoledad.com\/index.php\/wp-json\/wp\/v2\/media?parent=14323"}],"wp:term":[{"taxonomy":"category","embeddable":true,"href":"https:\/\/cronicadesoledad.com\/index.php\/wp-json\/wp\/v2\/categories?post=14323"},{"taxonomy":"post_tag","embeddable":true,"href":"https:\/\/cronicadesoledad.com\/index.php\/wp-json\/wp\/v2\/tags?post=14323"}],"curies":[{"name":"wp","href":"https:\/\/api.w.org\/{rel}","templated":true}]}}