{"id":14343,"date":"2025-01-23T19:00:00","date_gmt":"2025-01-24T01:00:00","guid":{"rendered":"https:\/\/cronicadesoledad.com\/?p=14343"},"modified":"2025-01-23T18:16:23","modified_gmt":"2025-01-24T00:16:23","slug":"gestionaran-permisos-de-venta-por-el-14-de-febrero","status":"publish","type":"post","link":"https:\/\/cronicadesoledad.com\/index.php\/2025\/01\/23\/gestionaran-permisos-de-venta-por-el-14-de-febrero\/","title":{"rendered":"Gestionar\u00e1n permisos de venta por el 14 de febrero"},"content":{"rendered":"\n<p>Para impulsar la econom\u00eda local y ofrecer a las y los comerciantes la oportunidad de impulsar sus productos en un entorno ordenado y seguro en el marco del 14 de febrero, el Ayuntamiento de Soledad de Graciano S\u00e1nchez, a trav\u00e9s de la Direcci\u00f3n de Comercio, invita a quienes deseen participar en esta celebraci\u00f3n a gestionar los permisos correspondientes.<\/p>\n\n\n\n<p>La titular de la dependencia, Patricia Cuevas Ovalle detall\u00f3 que ya sostuvo acercamientos con comerciantes interesados en instalar puestos ambulantes durante esta celebraci\u00f3n; de momento, se est\u00e1 conformando un padr\u00f3n que incluir\u00e1 a quienes busquen establecerse en puntos estrat\u00e9gicos como la Cabecera municipal y las avenidas, como Jes\u00fas Yurem, Cactus, Valent\u00edn Amador y San Pedro.<\/p>\n\n\n\n<p>&#8220;Nuestro compromiso es apoyar a las y los comerciantes, con espacios ordenados y seguros para que puedan ofrecer sus productos durante una de las celebraciones m\u00e1s importantes del a\u00f1o&#8221;, se\u00f1al\u00f3 la funcionaria municipal.<\/p>\n\n\n\n<p>Revel\u00f3 que el d\u00eda de la festividad, los comerciantes podr\u00e1n operar desde las 10 de la ma\u00f1ana en adelante, permitiendo a la ciudadan\u00eda disfrutar de una amplia oferta de productos relacionados con el D\u00eda del Amor y la Amistad, y reforzando as\u00ed la cercan\u00eda del Gobierno Municipal con los sectores productivos y las familias, adem\u00e1s de promover la convivencia y el disfrute de las tradiciones en el municipio.<\/p>\n\n\n\n<p>Las y los interesados pueden acudir a las oficinas de la Direcci\u00f3n de Comercio Municipal para realizar el tr\u00e1mite correspondiente y garantizar que su participaci\u00f3n sea ordenada y dentro del marco legal. Con estas acciones, el Gobierno Municipal, reafirma su compromiso de estar cerca de las familias soledenses, promueve la reactivaci\u00f3n econ\u00f3mica y el orden en eventos que fortalecen la convivencia de la comunidad.<\/p>\n","protected":false},"excerpt":{"rendered":"<p>Para impulsar la econom\u00eda local y ofrecer a las y los comerciantes la oportunidad de impulsar sus productos en un entorno ordenado y seguro en el marco del 14 de febrero, el Ayuntamiento de Soledad de Graciano S\u00e1nchez, a trav\u00e9s de la Direcci\u00f3n de Comercio, invita a quienes deseen participar en esta celebraci\u00f3n a gestionar [&hellip;]<\/p>\n","protected":false},"author":2,"featured_media":14344,"comment_status":"open","ping_status":"open","sticky":false,"template":"","format":"standard","meta":{"footnotes":""},"categories":[24,21],"tags":[1535,223,1707,1781,294,261,27],"class_list":{"0":"post-14343","1":"post","2":"type-post","3":"status-publish","4":"format-standard","5":"has-post-thumbnail","7":"category-informacion-general","8":"category-tu-soledad","9":"tag-14-de-febrero","10":"tag-ayuntamiento-soledense","11":"tag-dia-de-san-valentin","12":"tag-dia-del-amor-y-la-amistad","13":"tag-san-luis","14":"tag-slp","15":"tag-soledad"},"_links":{"self":[{"href":"https:\/\/cronicadesoledad.com\/index.php\/wp-json\/wp\/v2\/posts\/14343","targetHints":{"allow":["GET"]}}],"collection":[{"href":"https:\/\/cronicadesoledad.com\/index.php\/wp-json\/wp\/v2\/posts"}],"about":[{"href":"https:\/\/cronicadesoledad.com\/index.php\/wp-json\/wp\/v2\/types\/post"}],"author":[{"embeddable":true,"href":"https:\/\/cronicadesoledad.com\/index.php\/wp-json\/wp\/v2\/users\/2"}],"replies":[{"embeddable":true,"href":"https:\/\/cronicadesoledad.com\/index.php\/wp-json\/wp\/v2\/comments?post=14343"}],"version-history":[{"count":1,"href":"https:\/\/cronicadesoledad.com\/index.php\/wp-json\/wp\/v2\/posts\/14343\/revisions"}],"predecessor-version":[{"id":14345,"href":"https:\/\/cronicadesoledad.com\/index.php\/wp-json\/wp\/v2\/posts\/14343\/revisions\/14345"}],"wp:featuredmedia":[{"embeddable":true,"href":"https:\/\/cronicadesoledad.com\/index.php\/wp-json\/wp\/v2\/media\/14344"}],"wp:attachment":[{"href":"https:\/\/cronicadesoledad.com\/index.php\/wp-json\/wp\/v2\/media?parent=14343"}],"wp:term":[{"taxonomy":"category","embeddable":true,"href":"https:\/\/cronicadesoledad.com\/index.php\/wp-json\/wp\/v2\/categories?post=14343"},{"taxonomy":"post_tag","embeddable":true,"href":"https:\/\/cronicadesoledad.com\/index.php\/wp-json\/wp\/v2\/tags?post=14343"}],"curies":[{"name":"wp","href":"https:\/\/api.w.org\/{rel}","templated":true}]}}