{"id":14346,"date":"2025-01-23T21:00:00","date_gmt":"2025-01-24T03:00:00","guid":{"rendered":"https:\/\/cronicadesoledad.com\/?p=14346"},"modified":"2025-01-23T18:19:51","modified_gmt":"2025-01-24T00:19:51","slug":"comunidad-de-telesecundaria-resalta-respaldo-del-alcalde","status":"publish","type":"post","link":"https:\/\/cronicadesoledad.com\/index.php\/2025\/01\/23\/comunidad-de-telesecundaria-resalta-respaldo-del-alcalde\/","title":{"rendered":"Comunidad de telesecundaria resalta respaldo del alcalde"},"content":{"rendered":"\n<p>Con esfuerzos que reflejan una cercan\u00eda con la educaci\u00f3n de la juventud por parte del Alcalde, Juan Manuel Navarro Mu\u00f1iz, iniciaron los trabajos de construcci\u00f3n de un nuevo techado en la escuela telesecundaria \u201cL\u00e1zaro C\u00e1rdenas\u201d, ubicada en la comunidad de El Zapote, una obra que tambi\u00e9n incluir\u00e1 la construcci\u00f3n de una nueva aula, y representar\u00e1n una inversi\u00f3n de aproximadamente 3 millones de pesos.<\/p>\n\n\n\n<p>El techado, que medir\u00e1 15 por 27 metros, se ubicar\u00e1 en la cancha de usos m\u00faltiples de la instituci\u00f3n, mejorando las condiciones en las que las y los estudiantes realizan sus actividades al aire libre; directivos, docentes y padres de familia expresaron su agradecimiento por el apoyo recibido por parte del Ayuntamiento.<\/p>\n\n\n\n<p>Eunice S\u00e1nchez, directora de la escuela, manifest\u00f3 que la nueva infraestructura beneficiar\u00e1 enormemente a los m\u00e1s de 80 alumnos y alumnas tras m\u00e1s de 40 a\u00f1os de historia de la Telesecundaria, resaltando la disposici\u00f3n del Alcalde para ayudar a la comunidad educativa. \u201cEs un alivio saber que ahora contaremos con un espacio adecuado para nuestras actividades\u201d, afirm\u00f3.<\/p>\n\n\n\n<p>Jos\u00e9 Mart\u00edn Alvarado Reyna, uno de los docentes del plantel, tambi\u00e9n subray\u00f3 la relevancia de estos avances, se\u00f1alando que el techado permitir\u00e1 a los estudiantes participar en actividades sin las limitaciones impuestas por las inclemencias del clima.<\/p>\n\n\n\n<p>Mar\u00eda del Carmen Guerrero Nieto, quien tiene 12 a\u00f1os como docente en la Telesecundaria, destac\u00f3 la importancia de esta obra, ya que permitir\u00e1 realizar actividades tanto en d\u00edas soleados como lluviosos. \u201cEs un mejor ambiente para todos, y agradecemos mucho el apoyo padres de familia y maestros\u201d, dijo.<\/p>\n\n\n\n<p>Asimismo, Alejandra Alvarado, madre de un alumno, expres\u00f3 su satisfacci\u00f3n al recibir este apoyo, enfatizando que, a pesar de ser una escuela sencilla, el esfuerzo y la inversi\u00f3n que se est\u00e1n realizando son muy valorados por la comunidad.<\/p>\n\n\n\n<p>Con la construcci\u00f3n de este techado y la nueva aula, el Alcalde Juan Manuel Navarro contin\u00faa demostrando su compromiso por mejorar la infraestructura educativa y responder a las necesidades de las y los soledenses, acerc\u00e1ndose a su gente y trabajando por su bienestar.<\/p>\n","protected":false},"excerpt":{"rendered":"<p>Con esfuerzos que reflejan una cercan\u00eda con la educaci\u00f3n de la juventud por parte del Alcalde, Juan Manuel Navarro Mu\u00f1iz, iniciaron los trabajos de construcci\u00f3n de un nuevo techado en la escuela telesecundaria \u201cL\u00e1zaro C\u00e1rdenas\u201d, ubicada en la comunidad de El Zapote, una obra que tambi\u00e9n incluir\u00e1 la construcci\u00f3n de una nueva aula, y representar\u00e1n [&hellip;]<\/p>\n","protected":false},"author":2,"featured_media":14347,"comment_status":"open","ping_status":"open","sticky":false,"template":"","format":"standard","meta":{"footnotes":""},"categories":[1,24,21],"tags":[1968,223,1888,1967,294,261,27],"class_list":{"0":"post-14346","1":"post","2":"type-post","3":"status-publish","4":"format-standard","5":"has-post-thumbnail","7":"category-destacadas","8":"category-informacion-general","9":"category-tu-soledad","10":"tag-alcalde","11":"tag-ayuntamiento-soledense","12":"tag-educacion-2","13":"tag-juan-manuel-navarro","14":"tag-san-luis","15":"tag-slp","16":"tag-soledad"},"_links":{"self":[{"href":"https:\/\/cronicadesoledad.com\/index.php\/wp-json\/wp\/v2\/posts\/14346","targetHints":{"allow":["GET"]}}],"collection":[{"href":"https:\/\/cronicadesoledad.com\/index.php\/wp-json\/wp\/v2\/posts"}],"about":[{"href":"https:\/\/cronicadesoledad.com\/index.php\/wp-json\/wp\/v2\/types\/post"}],"author":[{"embeddable":true,"href":"https:\/\/cronicadesoledad.com\/index.php\/wp-json\/wp\/v2\/users\/2"}],"replies":[{"embeddable":true,"href":"https:\/\/cronicadesoledad.com\/index.php\/wp-json\/wp\/v2\/comments?post=14346"}],"version-history":[{"count":1,"href":"https:\/\/cronicadesoledad.com\/index.php\/wp-json\/wp\/v2\/posts\/14346\/revisions"}],"predecessor-version":[{"id":14348,"href":"https:\/\/cronicadesoledad.com\/index.php\/wp-json\/wp\/v2\/posts\/14346\/revisions\/14348"}],"wp:featuredmedia":[{"embeddable":true,"href":"https:\/\/cronicadesoledad.com\/index.php\/wp-json\/wp\/v2\/media\/14347"}],"wp:attachment":[{"href":"https:\/\/cronicadesoledad.com\/index.php\/wp-json\/wp\/v2\/media?parent=14346"}],"wp:term":[{"taxonomy":"category","embeddable":true,"href":"https:\/\/cronicadesoledad.com\/index.php\/wp-json\/wp\/v2\/categories?post=14346"},{"taxonomy":"post_tag","embeddable":true,"href":"https:\/\/cronicadesoledad.com\/index.php\/wp-json\/wp\/v2\/tags?post=14346"}],"curies":[{"name":"wp","href":"https:\/\/api.w.org\/{rel}","templated":true}]}}