{"id":14360,"date":"2025-01-24T15:04:12","date_gmt":"2025-01-24T21:04:12","guid":{"rendered":"https:\/\/cronicadesoledad.com\/?p=14360"},"modified":"2025-01-24T15:04:13","modified_gmt":"2025-01-24T21:04:13","slug":"abierta-convocatoria-para-policia-preventivo-en-villa-de-pozos","status":"publish","type":"post","link":"https:\/\/cronicadesoledad.com\/index.php\/2025\/01\/24\/abierta-convocatoria-para-policia-preventivo-en-villa-de-pozos\/","title":{"rendered":"Abierta convocatoria para polic\u00eda preventivo en Villa de Pozos"},"content":{"rendered":"\n<p>El Concejo Municipal de Villa de Pozos, mantiene abierta la convocatoria para formar parte de la polic\u00eda preventiva en el municipio, con el objetivo de robustecer la corporaci\u00f3n una vez que inicie formalmente sus operaciones como Guardia Civil municipal.<\/p>\n\n\n\n<p>La Presidenta de la Comisi\u00f3n de Hacienda Municipal, Liliana M\u00e9ndez Fajardo, se\u00f1al\u00f3 que en un inici\u00f3 saldr\u00e1n 50 elementos capacitados, quienes llevar\u00e1n a cabo tareas de vigilancia y proximidad social, al igual que funcionales para brindar un mayor orden en las arterias m\u00e1s transitadas como en los alrededores de los planteles educativos.<\/p>\n\n\n\n<p>Adem\u00e1s, M\u00e9ndez Fajardo, explic\u00f3 que, para formar parte de la polic\u00eda preventiva en el municipio hay dos formas de hacerlo, la primera es cumplir con los requisitos solicitados del perfil y la segunda es haber ejercido trabajo como polic\u00eda con anterioridad, en ambas formas es importante que se cumplan con los ex\u00e1menes de control y confianza para poder iniciar labores en Villa de Pozos.<\/p>\n\n\n\n<p>Todas aquellas personas interesadas en la convocatoria, deber\u00e1n acudir a las oficinas de la presidencia municipal en un horario de 9:00 a 15:00 horas y cumplir con los siguientes requisitos: ser mexicano de nacimiento en pleno ejercicio de sus derechos pol\u00edticos y civiles, sexo indistinto, tener de 18 a 35 a\u00f1os, estatura m\u00ednima hombres de 1.60 y mujeres de 1.50 metros, contar preferentemente con nivel medio superior, buena conducta y no haber sido condenado con sentencia por delito doloso, ni estar sujeto a proceso penal, no consumir sustancias psicotr\u00f3picas o estupefacientes, disponibilidad de tiempo completo y en caso de los hombres haber cumplido con el servicio militar.<\/p>\n\n\n\n<p>Asimismo, se ofrece apoyo econ\u00f3mico durante la academia para transporte y una vez egresado de la academia, se ofrecen beneficios laborales como sueldo mensual superior a once mil pesos, servicio m\u00e9dico particular y prestaciones de ley.<\/p>\n","protected":false},"excerpt":{"rendered":"<p>El Concejo Municipal de Villa de Pozos, mantiene abierta la convocatoria para formar parte de la polic\u00eda preventiva en el municipio, con el objetivo de robustecer la corporaci\u00f3n una vez que inicie formalmente sus operaciones como Guardia Civil municipal. La Presidenta de la Comisi\u00f3n de Hacienda Municipal, Liliana M\u00e9ndez Fajardo, se\u00f1al\u00f3 que en un inici\u00f3 [&hellip;]<\/p>\n","protected":false},"author":1,"featured_media":14361,"comment_status":"open","ping_status":"open","sticky":false,"template":"","format":"standard","meta":{"footnotes":""},"categories":[30,24],"tags":[2240,367,294,276,261,27,1068],"class_list":{"0":"post-14360","1":"post","2":"type-post","3":"status-publish","4":"format-standard","5":"has-post-thumbnail","7":"category-de-la-region-centro","8":"category-informacion-general","9":"tag-convocatoria","10":"tag-policia","11":"tag-san-luis","12":"tag-seguridad","13":"tag-slp","14":"tag-soledad","15":"tag-villa-de-pozos"},"_links":{"self":[{"href":"https:\/\/cronicadesoledad.com\/index.php\/wp-json\/wp\/v2\/posts\/14360","targetHints":{"allow":["GET"]}}],"collection":[{"href":"https:\/\/cronicadesoledad.com\/index.php\/wp-json\/wp\/v2\/posts"}],"about":[{"href":"https:\/\/cronicadesoledad.com\/index.php\/wp-json\/wp\/v2\/types\/post"}],"author":[{"embeddable":true,"href":"https:\/\/cronicadesoledad.com\/index.php\/wp-json\/wp\/v2\/users\/1"}],"replies":[{"embeddable":true,"href":"https:\/\/cronicadesoledad.com\/index.php\/wp-json\/wp\/v2\/comments?post=14360"}],"version-history":[{"count":1,"href":"https:\/\/cronicadesoledad.com\/index.php\/wp-json\/wp\/v2\/posts\/14360\/revisions"}],"predecessor-version":[{"id":14362,"href":"https:\/\/cronicadesoledad.com\/index.php\/wp-json\/wp\/v2\/posts\/14360\/revisions\/14362"}],"wp:featuredmedia":[{"embeddable":true,"href":"https:\/\/cronicadesoledad.com\/index.php\/wp-json\/wp\/v2\/media\/14361"}],"wp:attachment":[{"href":"https:\/\/cronicadesoledad.com\/index.php\/wp-json\/wp\/v2\/media?parent=14360"}],"wp:term":[{"taxonomy":"category","embeddable":true,"href":"https:\/\/cronicadesoledad.com\/index.php\/wp-json\/wp\/v2\/categories?post=14360"},{"taxonomy":"post_tag","embeddable":true,"href":"https:\/\/cronicadesoledad.com\/index.php\/wp-json\/wp\/v2\/tags?post=14360"}],"curies":[{"name":"wp","href":"https:\/\/api.w.org\/{rel}","templated":true}]}}