{"id":14363,"date":"2025-01-24T15:38:34","date_gmt":"2025-01-24T21:38:34","guid":{"rendered":"https:\/\/cronicadesoledad.com\/?p=14363"},"modified":"2025-01-24T15:38:34","modified_gmt":"2025-01-24T21:38:34","slug":"villa-de-pozos-acerca-el-empleo-a-la-localidad","status":"publish","type":"post","link":"https:\/\/cronicadesoledad.com\/index.php\/2025\/01\/24\/villa-de-pozos-acerca-el-empleo-a-la-localidad\/","title":{"rendered":"Villa de Pozos acerca el empleo a la localidad"},"content":{"rendered":"\n<p>El pr\u00f3ximo mi\u00e9rcoles 12 de febrero, el municipio de Villa de Pozos celebrar\u00e1 la primera Feria del Empleo, un evento que reunir\u00e1 a alrededor de 25 empresas que ofrecer\u00e1n diversos vacantes para los habitantes de la localidad. Esta feria se llevar\u00e1 a cabo en la Plaza Principal de Villa de Pozos y, tras su inauguraci\u00f3n, se distribuir\u00e1 por diferentes zonas del municipio, con el objetivo de acercar las oportunidades laborales a toda la ciudad.<\/p>\n\n\n\n<p>La Feria del Empleo contar\u00e1 con la participaci\u00f3n de la Secretar\u00eda del Trabajo y Previsi\u00f3n Social del Estado, as\u00ed como del Sistema de Financiamiento para el Desarrollo del Estado de San Luis Potos\u00ed (SIFIDE), que ofrecer\u00e1 cr\u00e9ditos a productores locales. Adem\u00e1s, el evento contar\u00e1 con la presencia de Jes\u00fas Salvador Gonz\u00e1lez Mart\u00ednez, titular de la Secretar\u00eda de Desarrollo Econ\u00f3mico del Gobierno del Estado (SEDECO).<\/p>\n\n\n\n<p>Alejandro M\u00e9ndez Zavala, Director de Desarrollo Econ\u00f3mico de Villa de Pozos, destac\u00f3 que este evento no solo tiene como objetivo facilitar el acceso a empleos directos, sino tambi\u00e9n establecer un enlace directo y ordenado entre el municipio y la Secretar\u00eda del Trabajo, convirtiendo a Villa de Pozos en el primer municipio del estado en contar con este tipo de vinculaci\u00f3n.<\/p>\n\n\n\n<p>La primer Feria del Empleo en Villa de Pozos promete generar m\u00e1s de mil empleos para los ciudadanos, contribuyendo al desarrollo econ\u00f3mico local y fortalecer la inclusi\u00f3n laboral en la regi\u00f3n.<\/p>\n","protected":false},"excerpt":{"rendered":"<p>El pr\u00f3ximo mi\u00e9rcoles 12 de febrero, el municipio de Villa de Pozos celebrar\u00e1 la primera Feria del Empleo, un evento que reunir\u00e1 a alrededor de 25 empresas que ofrecer\u00e1n diversos vacantes para los habitantes de la localidad. Esta feria se llevar\u00e1 a cabo en la Plaza Principal de Villa de Pozos y, tras su inauguraci\u00f3n, [&hellip;]<\/p>\n","protected":false},"author":1,"featured_media":14364,"comment_status":"open","ping_status":"open","sticky":false,"template":"","format":"standard","meta":{"footnotes":""},"categories":[30,24],"tags":[1765,294,3191,261,27,1068],"class_list":{"0":"post-14363","1":"post","2":"type-post","3":"status-publish","4":"format-standard","5":"has-post-thumbnail","7":"category-de-la-region-centro","8":"category-informacion-general","9":"tag-empleo","10":"tag-san-luis","11":"tag-sedeco","12":"tag-slp","13":"tag-soledad","14":"tag-villa-de-pozos"},"_links":{"self":[{"href":"https:\/\/cronicadesoledad.com\/index.php\/wp-json\/wp\/v2\/posts\/14363","targetHints":{"allow":["GET"]}}],"collection":[{"href":"https:\/\/cronicadesoledad.com\/index.php\/wp-json\/wp\/v2\/posts"}],"about":[{"href":"https:\/\/cronicadesoledad.com\/index.php\/wp-json\/wp\/v2\/types\/post"}],"author":[{"embeddable":true,"href":"https:\/\/cronicadesoledad.com\/index.php\/wp-json\/wp\/v2\/users\/1"}],"replies":[{"embeddable":true,"href":"https:\/\/cronicadesoledad.com\/index.php\/wp-json\/wp\/v2\/comments?post=14363"}],"version-history":[{"count":1,"href":"https:\/\/cronicadesoledad.com\/index.php\/wp-json\/wp\/v2\/posts\/14363\/revisions"}],"predecessor-version":[{"id":14365,"href":"https:\/\/cronicadesoledad.com\/index.php\/wp-json\/wp\/v2\/posts\/14363\/revisions\/14365"}],"wp:featuredmedia":[{"embeddable":true,"href":"https:\/\/cronicadesoledad.com\/index.php\/wp-json\/wp\/v2\/media\/14364"}],"wp:attachment":[{"href":"https:\/\/cronicadesoledad.com\/index.php\/wp-json\/wp\/v2\/media?parent=14363"}],"wp:term":[{"taxonomy":"category","embeddable":true,"href":"https:\/\/cronicadesoledad.com\/index.php\/wp-json\/wp\/v2\/categories?post=14363"},{"taxonomy":"post_tag","embeddable":true,"href":"https:\/\/cronicadesoledad.com\/index.php\/wp-json\/wp\/v2\/tags?post=14363"}],"curies":[{"name":"wp","href":"https:\/\/api.w.org\/{rel}","templated":true}]}}