{"id":14418,"date":"2025-01-25T14:27:02","date_gmt":"2025-01-25T20:27:02","guid":{"rendered":"https:\/\/cronicadesoledad.com\/?p=14418"},"modified":"2025-01-25T14:27:02","modified_gmt":"2025-01-25T20:27:02","slug":"respuesta-positiva-en-modulo-de-tramite-de-carta-de-no-antecedentes-penales","status":"publish","type":"post","link":"https:\/\/cronicadesoledad.com\/index.php\/2025\/01\/25\/respuesta-positiva-en-modulo-de-tramite-de-carta-de-no-antecedentes-penales\/","title":{"rendered":"RESPUESTA POSITIVA EN M\u00d3DULO DE TR\u00c1MITE DE CARTA DE NO ANTECEDENTES PENALES"},"content":{"rendered":"\n<p>La instalaci\u00f3n de un m\u00f3dulo para el tr\u00e1mite de cartas de antecedentes no penales en la presidencia municipal de Villa de Pozos, registr\u00f3 una respuesta positiva por parte de las y los habitantes de esta localidad.<br>Este servicio que tuvo como objetivo acercar y facilitar los servicios gubernamentales a la poblaci\u00f3n, se realiza cada jueves de la semana en un horario de 10 a 13 horas y con el objetivo de acercar los servicios gubernamentales a la poblaci\u00f3n, con el apoyo de la Direcci\u00f3n General de Prevenci\u00f3n y Reinserci\u00f3n Social.<\/p>\n\n\n\n<p><br>El licenciado Antonio de Jes\u00fas Varela Alfaro, titular de la Unidad Jur\u00eddica de la Direcci\u00f3n General de Prevenci\u00f3n y Reinserci\u00f3n Social, afirm\u00f3 que la respuesta e inter\u00e9s por parte de las y los habitantes del municipio fue positiva este primer d\u00eda ya facilita el acceso a este documento indispensable adem\u00e1s que los requisitos para su tr\u00e1mite son muy sencillos como: copia de acta de nacimiento, copia de identificaci\u00f3n oficial (INE), comprobante de domicilio y dos fotograf\u00edas tama\u00f1o infantil a color con fondo blanco.<\/p>\n\n\n\n<p><br>Usuarios y usuarios aseguraron que este m\u00f3dulo facilitar\u00e1 el tr\u00e1mite, pues al estar ubicado en un punto estrat\u00e9gico ser\u00e1 m\u00e1s f\u00e1cil acceder a este servicio, por lo que agradecen a la Presidenta Concejal, Teresa Rivera Acevedo, por las gestiones realizadas para lograr que este m\u00f3dulo llegar\u00e1 al municipio.<\/p>\n","protected":false},"excerpt":{"rendered":"<p>El Concejo Municipal, instal\u00f3 un m\u00f3dulo para la expedici\u00f3n de este servicio que estar\u00e1 disponible los d\u00edas jueves de 10:00 a 14:00 horas en presidencia municipal<\/p>\n","protected":false},"author":1,"featured_media":14420,"comment_status":"open","ping_status":"open","sticky":false,"template":"","format":"standard","meta":{"footnotes":""},"categories":[3175],"tags":[1067,2073,1068],"class_list":{"0":"post-14418","1":"post","2":"type-post","3":"status-publish","4":"format-standard","5":"has-post-thumbnail","7":"category-pozos","8":"tag-pozos","9":"tag-tramites-2","10":"tag-villa-de-pozos"},"_links":{"self":[{"href":"https:\/\/cronicadesoledad.com\/index.php\/wp-json\/wp\/v2\/posts\/14418","targetHints":{"allow":["GET"]}}],"collection":[{"href":"https:\/\/cronicadesoledad.com\/index.php\/wp-json\/wp\/v2\/posts"}],"about":[{"href":"https:\/\/cronicadesoledad.com\/index.php\/wp-json\/wp\/v2\/types\/post"}],"author":[{"embeddable":true,"href":"https:\/\/cronicadesoledad.com\/index.php\/wp-json\/wp\/v2\/users\/1"}],"replies":[{"embeddable":true,"href":"https:\/\/cronicadesoledad.com\/index.php\/wp-json\/wp\/v2\/comments?post=14418"}],"version-history":[{"count":1,"href":"https:\/\/cronicadesoledad.com\/index.php\/wp-json\/wp\/v2\/posts\/14418\/revisions"}],"predecessor-version":[{"id":14421,"href":"https:\/\/cronicadesoledad.com\/index.php\/wp-json\/wp\/v2\/posts\/14418\/revisions\/14421"}],"wp:featuredmedia":[{"embeddable":true,"href":"https:\/\/cronicadesoledad.com\/index.php\/wp-json\/wp\/v2\/media\/14420"}],"wp:attachment":[{"href":"https:\/\/cronicadesoledad.com\/index.php\/wp-json\/wp\/v2\/media?parent=14418"}],"wp:term":[{"taxonomy":"category","embeddable":true,"href":"https:\/\/cronicadesoledad.com\/index.php\/wp-json\/wp\/v2\/categories?post=14418"},{"taxonomy":"post_tag","embeddable":true,"href":"https:\/\/cronicadesoledad.com\/index.php\/wp-json\/wp\/v2\/tags?post=14418"}],"curies":[{"name":"wp","href":"https:\/\/api.w.org\/{rel}","templated":true}]}}