{"id":14422,"date":"2025-01-25T14:46:29","date_gmt":"2025-01-25T20:46:29","guid":{"rendered":"https:\/\/cronicadesoledad.com\/?p=14422"},"modified":"2025-01-25T14:46:29","modified_gmt":"2025-01-25T20:46:29","slug":"villa-de-pozos-avanza-en-la-conformacion-de-la-guardia-civil-municipal","status":"publish","type":"post","link":"https:\/\/cronicadesoledad.com\/index.php\/2025\/01\/25\/villa-de-pozos-avanza-en-la-conformacion-de-la-guardia-civil-municipal\/","title":{"rendered":"VILLA DE POZOS AVANZA EN LA CONFORMACI\u00d3N DE LA GUARDIA CIVIL MUNICIPAL"},"content":{"rendered":"\n<p>Con el firme prop\u00f3sito de garantizar la seguridad en Villa de Pozos, el Concejo Municipal en coordinaci\u00f3n con el Secretariado Ejecutivo del Consejo Estatal de Seguridad P\u00fablica (SECESP) llevar\u00e1 a cabo la instalaci\u00f3n del Consejo de Seguridad P\u00fablica Municipal en los pr\u00f3ximos d\u00edas, as\u00ed como el registro de nuevos elementos de la Guardia Civil Municipal a iniciar pr\u00f3ximamente.<\/p>\n\n\n\n<p><br>A trav\u00e9s de una reuni\u00f3n encabezada por la Presidenta Concejal de Villa de Pozos, Teresa Rivera Acevedo y la titular del \u00e1rea de Coordinaci\u00f3n del SECESP, Lucia Gabriela Rosales Ortu\u00f1o, se dio inicio a tareas administrativas y operativas de seguridad con el prop\u00f3sito de instalar el Consejo de Seguridad P\u00fablica, as\u00ed como los comit\u00e9s de participaci\u00f3n ciudadana que sean necesarios en el municipio.<\/p>\n\n\n\n<p><br>Con el objetivo de asegurar la paz y tranquilidad de las familias en Villa de Pozos y por encomienda del Gobernador del Estado, Ricardo Gallardo Cardona, el SECESP brindar\u00e1 el apoyo para el registro de polic\u00edas que van a integrar la Guardia Civil Municipal en el Sistema Nacional de Seguridad P\u00fablica de manera correcta.<\/p>\n\n\n\n<p><br>Con este trabajo conjunto, la Presidenta Concejal Teresa Rivera Acevedo, asegur\u00f3 que el se mantiene el objetivo de garantizar el desempe\u00f1o apropiado de las y los nuevos polic\u00edas en el municipio para garantizar el bienestar de la poblaci\u00f3n.<\/p>\n","protected":false},"excerpt":{"rendered":"<p>Con la suma de esfuerzos entre el Concejo Municipal y el SECESP se busca proporcionar asesor\u00edas para el registro adecuado del personal.<\/p>\n","protected":false},"author":1,"featured_media":14423,"comment_status":"open","ping_status":"open","sticky":false,"template":"","format":"standard","meta":{"footnotes":""},"categories":[1,3175],"tags":[2682,3198,3210,1067,1068],"class_list":{"0":"post-14422","1":"post","2":"type-post","3":"status-publish","4":"format-standard","5":"has-post-thumbnail","7":"category-destacadas","8":"category-pozos","9":"tag-concejo-municipal","10":"tag-guardia-civil-municial","11":"tag-liliana-fajardo","12":"tag-pozos","13":"tag-villa-de-pozos"},"_links":{"self":[{"href":"https:\/\/cronicadesoledad.com\/index.php\/wp-json\/wp\/v2\/posts\/14422","targetHints":{"allow":["GET"]}}],"collection":[{"href":"https:\/\/cronicadesoledad.com\/index.php\/wp-json\/wp\/v2\/posts"}],"about":[{"href":"https:\/\/cronicadesoledad.com\/index.php\/wp-json\/wp\/v2\/types\/post"}],"author":[{"embeddable":true,"href":"https:\/\/cronicadesoledad.com\/index.php\/wp-json\/wp\/v2\/users\/1"}],"replies":[{"embeddable":true,"href":"https:\/\/cronicadesoledad.com\/index.php\/wp-json\/wp\/v2\/comments?post=14422"}],"version-history":[{"count":1,"href":"https:\/\/cronicadesoledad.com\/index.php\/wp-json\/wp\/v2\/posts\/14422\/revisions"}],"predecessor-version":[{"id":14424,"href":"https:\/\/cronicadesoledad.com\/index.php\/wp-json\/wp\/v2\/posts\/14422\/revisions\/14424"}],"wp:featuredmedia":[{"embeddable":true,"href":"https:\/\/cronicadesoledad.com\/index.php\/wp-json\/wp\/v2\/media\/14423"}],"wp:attachment":[{"href":"https:\/\/cronicadesoledad.com\/index.php\/wp-json\/wp\/v2\/media?parent=14422"}],"wp:term":[{"taxonomy":"category","embeddable":true,"href":"https:\/\/cronicadesoledad.com\/index.php\/wp-json\/wp\/v2\/categories?post=14422"},{"taxonomy":"post_tag","embeddable":true,"href":"https:\/\/cronicadesoledad.com\/index.php\/wp-json\/wp\/v2\/tags?post=14422"}],"curies":[{"name":"wp","href":"https:\/\/api.w.org\/{rel}","templated":true}]}}