{"id":14432,"date":"2025-01-25T17:00:00","date_gmt":"2025-01-25T23:00:00","guid":{"rendered":"https:\/\/cronicadesoledad.com\/?p=14432"},"modified":"2025-01-25T16:19:32","modified_gmt":"2025-01-25T22:19:32","slug":"abre-fenapo-convocatoria-para-gritones-en-el-recinto","status":"publish","type":"post","link":"https:\/\/cronicadesoledad.com\/index.php\/2025\/01\/25\/abre-fenapo-convocatoria-para-gritones-en-el-recinto\/","title":{"rendered":"Abre Fenapo convocatoria para gritones en el recinto"},"content":{"rendered":"\n<p>Dentro de la Feria Nacional Potosina (Fenapo), Los Gritones son un espacio emblem\u00e1tico que cada a\u00f1o atrae a miles de familias en busca de productos esenciales para el hogar, por ello el Patronato de la mejor Feria de M\u00e9xico invita a las y los comerciantes a participar con sus productos en este espacio habilitado en la edici\u00f3n 2025.<\/p>\n\n\n\n<p><br>Este tradicional punto de venta es un lugar donde la alegr\u00eda, las risas y el bullicio forman parte del ambiente. Los Gritones ofrecen la oportunidad perfecta para que los comerciantes conecten con las familias potosinas, quienes acuden con entusiasmo a surtir sus hogares con productos de calidad y a precios accesibles. Es un espacio donde la econom\u00eda popular y la tradici\u00f3n se encuentran.<\/p>\n\n\n\n<p><br>Las y los interesados en unirse a este ic\u00f3nico espacio pueden comunicarse a trav\u00e9s de WhatsApp al 444 537 3446, por tel\u00e9fono al 444 129 0999 extensiones 313 y 314, o visitar las oficinas del Patronato en las instalaciones de la Fenapo, en un horario de atenci\u00f3n de lunes a viernes, de 8:00 a 16:00 horas.<\/p>\n","protected":false},"excerpt":{"rendered":"<p>Dentro de la Feria Nacional Potosina (Fenapo), Los Gritones son un espacio emblem\u00e1tico que cada a\u00f1o atrae a miles de familias en busca de productos esenciales para el hogar, por ello el Patronato de la mejor Feria de M\u00e9xico invita a las y los comerciantes a participar con sus productos en este espacio habilitado en [&hellip;]<\/p>\n","protected":false},"author":1,"featured_media":14433,"comment_status":"open","ping_status":"open","sticky":false,"template":"","format":"standard","meta":{"footnotes":""},"categories":[30,24],"tags":[378,2240,90,3213,294,261,27],"class_list":{"0":"post-14432","1":"post","2":"type-post","3":"status-publish","4":"format-standard","5":"has-post-thumbnail","7":"category-de-la-region-centro","8":"category-informacion-general","9":"tag-comercio","10":"tag-convocatoria","11":"tag-fenapo","12":"tag-gritones","13":"tag-san-luis","14":"tag-slp","15":"tag-soledad"},"_links":{"self":[{"href":"https:\/\/cronicadesoledad.com\/index.php\/wp-json\/wp\/v2\/posts\/14432","targetHints":{"allow":["GET"]}}],"collection":[{"href":"https:\/\/cronicadesoledad.com\/index.php\/wp-json\/wp\/v2\/posts"}],"about":[{"href":"https:\/\/cronicadesoledad.com\/index.php\/wp-json\/wp\/v2\/types\/post"}],"author":[{"embeddable":true,"href":"https:\/\/cronicadesoledad.com\/index.php\/wp-json\/wp\/v2\/users\/1"}],"replies":[{"embeddable":true,"href":"https:\/\/cronicadesoledad.com\/index.php\/wp-json\/wp\/v2\/comments?post=14432"}],"version-history":[{"count":1,"href":"https:\/\/cronicadesoledad.com\/index.php\/wp-json\/wp\/v2\/posts\/14432\/revisions"}],"predecessor-version":[{"id":14434,"href":"https:\/\/cronicadesoledad.com\/index.php\/wp-json\/wp\/v2\/posts\/14432\/revisions\/14434"}],"wp:featuredmedia":[{"embeddable":true,"href":"https:\/\/cronicadesoledad.com\/index.php\/wp-json\/wp\/v2\/media\/14433"}],"wp:attachment":[{"href":"https:\/\/cronicadesoledad.com\/index.php\/wp-json\/wp\/v2\/media?parent=14432"}],"wp:term":[{"taxonomy":"category","embeddable":true,"href":"https:\/\/cronicadesoledad.com\/index.php\/wp-json\/wp\/v2\/categories?post=14432"},{"taxonomy":"post_tag","embeddable":true,"href":"https:\/\/cronicadesoledad.com\/index.php\/wp-json\/wp\/v2\/tags?post=14432"}],"curies":[{"name":"wp","href":"https:\/\/api.w.org\/{rel}","templated":true}]}}