{"id":14435,"date":"2025-01-25T18:00:00","date_gmt":"2025-01-26T00:00:00","guid":{"rendered":"https:\/\/cronicadesoledad.com\/?p=14435"},"modified":"2025-01-25T16:30:37","modified_gmt":"2025-01-25T22:30:37","slug":"dif-imparte-platicas-para-la-mediacion-de-conflictos-familiares","status":"publish","type":"post","link":"https:\/\/cronicadesoledad.com\/index.php\/2025\/01\/25\/dif-imparte-platicas-para-la-mediacion-de-conflictos-familiares\/","title":{"rendered":"DIF imparte pl\u00e1ticas para la mediaci\u00f3n de conflictos familiares"},"content":{"rendered":"\n<p>En el marco del D\u00eda Internacional de la Mediaci\u00f3n, el Sistema Estatal para el Desarrollo Integral de la Familia (DIF), realiza talleres y pl\u00e1ticas sobre la mediaci\u00f3n y la soluci\u00f3n pac\u00edfica de conflictos, en los cuales se abordan temas como: el conflicto, inteligencia emocional, escucha activa, empat\u00eda y asertividad.<\/p>\n\n\n\n<p><br>En cumplimiento con lo instruido por el Gobernador Ricardo Gallardo Cardona, de continuar fomentando el di\u00e1logo, la empat\u00eda y la voluntad de crear, brindando m\u00e1s apoyo en el desarrollo de las familias potosinas, este tipo de actividades se desarrollan en las instalaciones de Bienestar Familiar en Blvd. Antonio Rocha Cordero 507-E, en la colonia Simon Diaz.<\/p>\n\n\n\n<p><br>La directora general del DIF Estatal, Virginia Z\u00fa\u00f1iga Maldonado, explic\u00f3 que, con la finalidad de informar y sensibilizar sobre la importancia de los m\u00e9todos alternos para la soluci\u00f3n pac\u00edfica de controversias y la construcci\u00f3n de una cultura de paz, el DIF Estatal tambi\u00e9n implementa capacitaciones dirigidas al personal de los Sistemas Municipales DIF, para la adquisici\u00f3n y aplicaci\u00f3n de conocimientos y herramientas en Soluci\u00f3n Pac\u00edfica de Conflictos en la Familia que puedan poner en pr\u00e1ctica en las cuatro regiones.<\/p>\n\n\n\n<p><br>Finalmente, destac\u00f3 que a trav\u00e9s de estos procesos se busca crear entornos de paz, para lograr que los integrantes de las familias resuelvan de manera pac\u00edfica sus situaciones de conflicto sin recurrir necesariamente al \u00e1mbito judicial o al uso de la violencia; propiciando el di\u00e1logo entre las partes y el alcance de acuerdos, y lograr as\u00ed el ambiente de afecto y cordialidad.<\/p>\n","protected":false},"excerpt":{"rendered":"<p>En el marco del D\u00eda Internacional de la Mediaci\u00f3n, el Sistema Estatal para el Desarrollo Integral de la Familia (DIF), realiza talleres y pl\u00e1ticas sobre la mediaci\u00f3n y la soluci\u00f3n pac\u00edfica de conflictos, en los cuales se abordan temas como: el conflicto, inteligencia emocional, escucha activa, empat\u00eda y asertividad. En cumplimiento con lo instruido por [&hellip;]<\/p>\n","protected":false},"author":1,"featured_media":14436,"comment_status":"open","ping_status":"open","sticky":false,"template":"","format":"standard","meta":{"footnotes":""},"categories":[30,24],"tags":[3215,383,3214,177,294,261,27],"class_list":{"0":"post-14435","1":"post","2":"type-post","3":"status-publish","4":"format-standard","5":"has-post-thumbnail","7":"category-de-la-region-centro","8":"category-informacion-general","9":"tag-conflictos-familiares","10":"tag-dif-estatal","11":"tag-platicas-de-mediacion","12":"tag-ricardo-gallardo","13":"tag-san-luis","14":"tag-slp","15":"tag-soledad"},"_links":{"self":[{"href":"https:\/\/cronicadesoledad.com\/index.php\/wp-json\/wp\/v2\/posts\/14435","targetHints":{"allow":["GET"]}}],"collection":[{"href":"https:\/\/cronicadesoledad.com\/index.php\/wp-json\/wp\/v2\/posts"}],"about":[{"href":"https:\/\/cronicadesoledad.com\/index.php\/wp-json\/wp\/v2\/types\/post"}],"author":[{"embeddable":true,"href":"https:\/\/cronicadesoledad.com\/index.php\/wp-json\/wp\/v2\/users\/1"}],"replies":[{"embeddable":true,"href":"https:\/\/cronicadesoledad.com\/index.php\/wp-json\/wp\/v2\/comments?post=14435"}],"version-history":[{"count":1,"href":"https:\/\/cronicadesoledad.com\/index.php\/wp-json\/wp\/v2\/posts\/14435\/revisions"}],"predecessor-version":[{"id":14437,"href":"https:\/\/cronicadesoledad.com\/index.php\/wp-json\/wp\/v2\/posts\/14435\/revisions\/14437"}],"wp:featuredmedia":[{"embeddable":true,"href":"https:\/\/cronicadesoledad.com\/index.php\/wp-json\/wp\/v2\/media\/14436"}],"wp:attachment":[{"href":"https:\/\/cronicadesoledad.com\/index.php\/wp-json\/wp\/v2\/media?parent=14435"}],"wp:term":[{"taxonomy":"category","embeddable":true,"href":"https:\/\/cronicadesoledad.com\/index.php\/wp-json\/wp\/v2\/categories?post=14435"},{"taxonomy":"post_tag","embeddable":true,"href":"https:\/\/cronicadesoledad.com\/index.php\/wp-json\/wp\/v2\/tags?post=14435"}],"curies":[{"name":"wp","href":"https:\/\/api.w.org\/{rel}","templated":true}]}}