{"id":14450,"date":"2025-01-26T17:48:25","date_gmt":"2025-01-26T23:48:25","guid":{"rendered":"https:\/\/cronicadesoledad.com\/?p=14450"},"modified":"2025-01-26T17:52:11","modified_gmt":"2025-01-26T23:52:11","slug":"villa-de-pozos-ofrece-talleres-y-actividades-culturales-para-la-poblacion","status":"publish","type":"post","link":"https:\/\/cronicadesoledad.com\/index.php\/2025\/01\/26\/villa-de-pozos-ofrece-talleres-y-actividades-culturales-para-la-poblacion\/","title":{"rendered":"VILLA DE POZOS OFRECE TALLERES Y ACTIVIDADES CULTURALES PARA LA POBLACI\u00d3N"},"content":{"rendered":"\n<p>Con el objetivo de fomentar la creatividad, el aprendizaje y la participaci\u00f3n de las y los ciudadanos, el Concejo Municipal de Villa de Pozos, a trav\u00e9s de la direcci\u00f3n de cultura municipal ofrece diversos talleres como cartoner\u00eda, tejido y estudiantina municipal en la biblioteca Dr. Francisco de As\u00eds Castro, ubicada en el Jard\u00edn Hidalgo 1, Los Olivos.<br><br>El objetivo de esta iniciativa, es acercar talleres art\u00edsticos y culturales gratuitos a la poblaci\u00f3n, as\u00ed lo asegur\u00f3 la titular de la direcci\u00f3n de cultura municipal, Mar\u00eda del Carmen Mendoza Rocha, qui\u00e9n mencion\u00f3 que todas las actividades fueron pensadas en diferentes sectores de la poblaci\u00f3n para asegurar el desarrollo social de Villa de Pozos.<br>Anunci\u00f3 que de lunes a viernes, en la Biblioteca Dr. Francisco de As\u00eds Castro se lleva a cabo el taller de cartoner\u00eda, disponible en tres horarios y dirigido a diferentes rangos de edad. El primer grupo, para ni\u00f1os de 5 a 8 a\u00f1os, se realiza de 4:00 pm a 5:00 pm, el segundo para ni\u00f1os de 9 a 12 a\u00f1os de 5:00 pm a 6:00 pm, y el tercero para j\u00f3venes y adultos de 6:00 pm a 8:00 pm.<br><br>En el \u00e1mbito, la Estudiantina municipal de Villa de Pozos se presenta durante los d\u00edas lunes, mi\u00e9rcoles y viernes en la Biblioteca Dr. Francisco de As\u00eds Castro. Este taller est\u00e1 dirigido a j\u00f3venes y adultos de entre 7 y 25 a\u00f1os, con una cuota de recuperaci\u00f3n de 30 pesos por clase, en un horario de 5:00 pm a 6:00 pm. Para mayor informaci\u00f3n sobre este taller y otros, se pueden realizar consultas al n\u00famero 4445413312.<br>Finalmente, los jueves se impartir\u00e1n dos talleres gratuitos en la misma sede cultural: el taller de fofuchas de 11:00 am a 12:00 pm y el taller de manualidades de fieltro y foami de 12:00 pm a 1:00 pm. Estos talleres est\u00e1n destinados a fomentar la creatividad de los participantes a trav\u00e9s de la elaboraci\u00f3n de artesan\u00edas y objetos decorativos. Para m\u00e1s informaci\u00f3n sobre estos y otros talleres, los interesados pueden comunicarse al n\u00famero 4443318625.<\/p>\n\n\n\n<figure class=\"wp-block-image size-large\"><img loading=\"lazy\" decoding=\"async\" width=\"790\" height=\"1024\" src=\"https:\/\/cronicadesoledad.com\/wp-content\/uploads\/2025\/01\/WhatsApp-Image-2025-01-26-at-15.00.09-790x1024.jpeg\" alt=\"\" class=\"wp-image-14454\" srcset=\"https:\/\/cronicadesoledad.com\/wp-content\/uploads\/2025\/01\/WhatsApp-Image-2025-01-26-at-15.00.09-790x1024.jpeg 790w, https:\/\/cronicadesoledad.com\/wp-content\/uploads\/2025\/01\/WhatsApp-Image-2025-01-26-at-15.00.09-232x300.jpeg 232w, https:\/\/cronicadesoledad.com\/wp-content\/uploads\/2025\/01\/WhatsApp-Image-2025-01-26-at-15.00.09-768x995.jpeg 768w, https:\/\/cronicadesoledad.com\/wp-content\/uploads\/2025\/01\/WhatsApp-Image-2025-01-26-at-15.00.09-696x902.jpeg 696w, https:\/\/cronicadesoledad.com\/wp-content\/uploads\/2025\/01\/WhatsApp-Image-2025-01-26-at-15.00.09.jpeg 988w\" sizes=\"auto, (max-width: 790px) 100vw, 790px\" \/><\/figure>\n\n\n\n<figure class=\"wp-block-image size-large\"><img loading=\"lazy\" decoding=\"async\" width=\"790\" height=\"1024\" src=\"https:\/\/cronicadesoledad.com\/wp-content\/uploads\/2025\/01\/WhatsApp-Image-2025-01-26-at-15.00.10-2-790x1024.jpeg\" alt=\"\" class=\"wp-image-14456\" srcset=\"https:\/\/cronicadesoledad.com\/wp-content\/uploads\/2025\/01\/WhatsApp-Image-2025-01-26-at-15.00.10-2-790x1024.jpeg 790w, https:\/\/cronicadesoledad.com\/wp-content\/uploads\/2025\/01\/WhatsApp-Image-2025-01-26-at-15.00.10-2-232x300.jpeg 232w, https:\/\/cronicadesoledad.com\/wp-content\/uploads\/2025\/01\/WhatsApp-Image-2025-01-26-at-15.00.10-2-768x995.jpeg 768w, https:\/\/cronicadesoledad.com\/wp-content\/uploads\/2025\/01\/WhatsApp-Image-2025-01-26-at-15.00.10-2-696x902.jpeg 696w, https:\/\/cronicadesoledad.com\/wp-content\/uploads\/2025\/01\/WhatsApp-Image-2025-01-26-at-15.00.10-2.jpeg 988w\" sizes=\"auto, (max-width: 790px) 100vw, 790px\" \/><\/figure>\n\n\n","protected":false},"excerpt":{"rendered":"<p>La Direcci\u00f3n de Cultura impulsa talleres creativos y formativos que se llevan a cabo en la Biblioteca Dr. Francisco de As\u00eds Castro<\/p>\n","protected":false},"author":1,"featured_media":14451,"comment_status":"open","ping_status":"open","sticky":false,"template":"","format":"standard","meta":{"footnotes":""},"categories":[3175],"tags":[334,2494,1067,1982,1068],"class_list":{"0":"post-14450","1":"post","2":"type-post","3":"status-publish","4":"format-standard","5":"has-post-thumbnail","7":"category-pozos","8":"tag-cultura","9":"tag-entretenimiento","10":"tag-pozos","11":"tag-talleres-gratuitos","12":"tag-villa-de-pozos"},"_links":{"self":[{"href":"https:\/\/cronicadesoledad.com\/index.php\/wp-json\/wp\/v2\/posts\/14450","targetHints":{"allow":["GET"]}}],"collection":[{"href":"https:\/\/cronicadesoledad.com\/index.php\/wp-json\/wp\/v2\/posts"}],"about":[{"href":"https:\/\/cronicadesoledad.com\/index.php\/wp-json\/wp\/v2\/types\/post"}],"author":[{"embeddable":true,"href":"https:\/\/cronicadesoledad.com\/index.php\/wp-json\/wp\/v2\/users\/1"}],"replies":[{"embeddable":true,"href":"https:\/\/cronicadesoledad.com\/index.php\/wp-json\/wp\/v2\/comments?post=14450"}],"version-history":[{"count":2,"href":"https:\/\/cronicadesoledad.com\/index.php\/wp-json\/wp\/v2\/posts\/14450\/revisions"}],"predecessor-version":[{"id":14457,"href":"https:\/\/cronicadesoledad.com\/index.php\/wp-json\/wp\/v2\/posts\/14450\/revisions\/14457"}],"wp:featuredmedia":[{"embeddable":true,"href":"https:\/\/cronicadesoledad.com\/index.php\/wp-json\/wp\/v2\/media\/14451"}],"wp:attachment":[{"href":"https:\/\/cronicadesoledad.com\/index.php\/wp-json\/wp\/v2\/media?parent=14450"}],"wp:term":[{"taxonomy":"category","embeddable":true,"href":"https:\/\/cronicadesoledad.com\/index.php\/wp-json\/wp\/v2\/categories?post=14450"},{"taxonomy":"post_tag","embeddable":true,"href":"https:\/\/cronicadesoledad.com\/index.php\/wp-json\/wp\/v2\/tags?post=14450"}],"curies":[{"name":"wp","href":"https:\/\/api.w.org\/{rel}","templated":true}]}}