{"id":14485,"date":"2025-01-27T05:20:00","date_gmt":"2025-01-27T11:20:00","guid":{"rendered":"https:\/\/cronicadesoledad.com\/?p=14485"},"modified":"2025-01-27T01:20:52","modified_gmt":"2025-01-27T07:20:52","slug":"comunicadores-deben-ser-mensajeros-de-esperanza-arzobispo","status":"publish","type":"post","link":"https:\/\/cronicadesoledad.com\/index.php\/2025\/01\/27\/comunicadores-deben-ser-mensajeros-de-esperanza-arzobispo\/","title":{"rendered":"Comunicadores deben ser mensajeros de esperanza: Arzobispo"},"content":{"rendered":"\n<p>En el marco del Jubileo de la Esperanza, impulsado por el Papa Francisco, el arzobispo de San Luis Potos\u00ed, Jorge Alberto Cavazos Arizpe, ofreci\u00f3 un mensaje dirigido a los comunicadores potosinos, destacando su papel esencial en la construcci\u00f3n de una sociedad m\u00e1s solidaria y comprometida con el bienestar com\u00fan.<\/p>\n\n\n\n<p>El jerarca religioso subray\u00f3 la importancia de la esperanza como transformador de un contexto marcado por conflictos, violencia y diversos desaf\u00edos sociales. Insisti\u00f3 en que, desde la experiencia de la misericordia divina y el aprendizaje de las dificultades, los comunicadores pueden convertirse en \u201cperegrinos de esperanza\u201d, inspirando acciones positivas en la comunidad.<\/p>\n\n\n\n<p>En el acto, record\u00f3 que este jubileo es una oportunidad para reflexionar sobre la necesidad de reconciliaci\u00f3n, perd\u00f3n y compromiso con los m\u00e1s vulnerables. Destac\u00f3 el llamado del Papa Francisco a llevar la esperanza no solo a las periferias materiales, sino tambi\u00e9n a las existenciales, abarcando a grupos como migrantes, enfermos y comunidades en situaci\u00f3n de marginaci\u00f3n.<\/p>\n\n\n\n<p>Cavazos Arizpe reconoci\u00f3 el papel de los comunicadores en la sociedad como transmisores de verdades que inspiran y educan. Los anim\u00f3 a no solo informar sobre los problemas, sino tambi\u00e9n a proponer soluciones, fomentar la unidad y mantener un enfoque positivo ante las adversidades. Asimismo, mencion\u00f3 la relevancia de las tecnolog\u00edas como herramientas para conectar, educar y promover valores esenciales para una convivencia armoniosa.<\/p>\n\n\n\n<p>Finalmente, destac\u00f3 el impacto que la comunicaci\u00f3n tiene en la formaci\u00f3n de v\u00ednculos humanos y sociales. Llam\u00f3 a los presentes a aprovechar este jubileo para renovar su compromiso con la verdad, la solidaridad y el servicio a la comunidad, reconociendo su labor como un acto de valent\u00eda y una contribuci\u00f3n fundamental para el desarrollo de una sociedad m\u00e1s justa y esperanzadora.<\/p>\n","protected":false},"excerpt":{"rendered":"<p>En el marco del Jubileo de la Esperanza, impulsado por el Papa Francisco, el arzobispo de San Luis Potos\u00ed, Jorge Alberto Cavazos Arizpe, ofreci\u00f3 un mensaje dirigido a los comunicadores potosinos, destacando su papel esencial en la construcci\u00f3n de una sociedad m\u00e1s solidaria y comprometida con el bienestar com\u00fan. El jerarca religioso subray\u00f3 la importancia [&hellip;]<\/p>\n","protected":false},"author":2,"featured_media":14486,"comment_status":"open","ping_status":"open","sticky":false,"template":"","format":"standard","meta":{"footnotes":""},"categories":[1,24],"tags":[3238,1156,1155,294,261,27],"class_list":{"0":"post-14485","1":"post","2":"type-post","3":"status-publish","4":"format-standard","5":"has-post-thumbnail","7":"category-destacadas","8":"category-informacion-general","9":"tag-arzobispo","10":"tag-iglesia-catolica","11":"tag-papa-francisco","12":"tag-san-luis","13":"tag-slp","14":"tag-soledad"},"_links":{"self":[{"href":"https:\/\/cronicadesoledad.com\/index.php\/wp-json\/wp\/v2\/posts\/14485","targetHints":{"allow":["GET"]}}],"collection":[{"href":"https:\/\/cronicadesoledad.com\/index.php\/wp-json\/wp\/v2\/posts"}],"about":[{"href":"https:\/\/cronicadesoledad.com\/index.php\/wp-json\/wp\/v2\/types\/post"}],"author":[{"embeddable":true,"href":"https:\/\/cronicadesoledad.com\/index.php\/wp-json\/wp\/v2\/users\/2"}],"replies":[{"embeddable":true,"href":"https:\/\/cronicadesoledad.com\/index.php\/wp-json\/wp\/v2\/comments?post=14485"}],"version-history":[{"count":1,"href":"https:\/\/cronicadesoledad.com\/index.php\/wp-json\/wp\/v2\/posts\/14485\/revisions"}],"predecessor-version":[{"id":14487,"href":"https:\/\/cronicadesoledad.com\/index.php\/wp-json\/wp\/v2\/posts\/14485\/revisions\/14487"}],"wp:featuredmedia":[{"embeddable":true,"href":"https:\/\/cronicadesoledad.com\/index.php\/wp-json\/wp\/v2\/media\/14486"}],"wp:attachment":[{"href":"https:\/\/cronicadesoledad.com\/index.php\/wp-json\/wp\/v2\/media?parent=14485"}],"wp:term":[{"taxonomy":"category","embeddable":true,"href":"https:\/\/cronicadesoledad.com\/index.php\/wp-json\/wp\/v2\/categories?post=14485"},{"taxonomy":"post_tag","embeddable":true,"href":"https:\/\/cronicadesoledad.com\/index.php\/wp-json\/wp\/v2\/tags?post=14485"}],"curies":[{"name":"wp","href":"https:\/\/api.w.org\/{rel}","templated":true}]}}