{"id":14494,"date":"2025-01-27T11:00:03","date_gmt":"2025-01-27T17:00:03","guid":{"rendered":"https:\/\/cronicadesoledad.com\/?p=14494"},"modified":"2025-01-27T11:00:04","modified_gmt":"2025-01-27T17:00:04","slug":"ricardo-gallardo-anuncia-apoyo-a-connacionales-que-regresen-a-slp","status":"publish","type":"post","link":"https:\/\/cronicadesoledad.com\/index.php\/2025\/01\/27\/ricardo-gallardo-anuncia-apoyo-a-connacionales-que-regresen-a-slp\/","title":{"rendered":"RICARDO GALLARDO ANUNCIA APOYO A CONNACIONALES QUE REGRESEN A SLP"},"content":{"rendered":"\n<p>Ante el panorama de Estados Unidos, tras la entrada en vigor de nuevas pol\u00edticas migratorias, el Gobernador Ricardo Gallardo Cardona, anunci\u00f3 que San Luis Potos\u00ed se encuentra preparado para recibir a las y los connacionales que regresen, acercando m\u00e1s apoyo a las cuatro regiones a trav\u00e9s de una estrategia que integran diferentes dependencias, incluyendo m\u00e1s de dos mil 200 empleos en empresas, con un trabajo digno y un buen ingreso.<br>El Mandatario Estatal destac\u00f3 que el Sistema de Financiamiento para el Desarrollo del Estado (Sifide) prepara un programa enfocado a este sector con 600 millones de pesos destinados a apoyarlos a arrancar emprendimientos, con requisitos m\u00ednimos, y seguimiento para que sea destinado a arranque de un negocio, adem\u00e1s de espacios necesarios para poder concentrar a todas y todos y unidades para el traslado a sus municipios de origen en caso necesario.<br>Indic\u00f3 que, desde las medidas impuestas en territorio norteamericano, han trabajado en estrecha coordinaci\u00f3n con el Gobierno Federal, reuni\u00e9ndose con la Presidenta de M\u00e9xico Claudia Sheinbaum y la Secretar\u00eda de Gobernaci\u00f3n a quienes informaron del reciente regreso de las y los primeros ocho potosinos, a quienes se les apoyar\u00e1 con su registro y a los que tambi\u00e9n se les ofreci\u00f3 apoyo en materia laboral.<br>Para finalizar, Ricardo Gallardo mencion\u00f3 que fue informado que San Luis Potos\u00ed figura entre los Estados que tendr\u00e1n menor n\u00famero de paisanos deportados, siendo las entidades ubicadas en el sur y en el centro del pa\u00eds en las que se concentrar\u00edan m\u00e1s retornos; sin embargo, reafirm\u00f3 su compromiso de acercar m\u00e1s apoyo a todas y todos y resalt\u00f3 que el Gobierno Estatal est\u00e1 listo para atender este tema con total responsabilidad.<\/p>\n","protected":false},"excerpt":{"rendered":"<p>Habr\u00e1 tr\u00e1mites, empleo, financiamiento para emprendimientos, entre otros apoyos<\/p>\n","protected":false},"author":1,"featured_media":14495,"comment_status":"open","ping_status":"open","sticky":false,"template":"","format":"standard","meta":{"footnotes":""},"categories":[1,3159,3163],"tags":[2922,3057,2870,1160,294],"class_list":{"0":"post-14494","1":"post","2":"type-post","3":"status-publish","4":"format-standard","5":"has-post-thumbnail","7":"category-destacadas","8":"category-estado","9":"category-san-luis-potosi","10":"tag-2922","11":"tag-deportaciones","12":"tag-donald-trump","13":"tag-ricardo-gallardo-cardona","14":"tag-san-luis"},"_links":{"self":[{"href":"https:\/\/cronicadesoledad.com\/index.php\/wp-json\/wp\/v2\/posts\/14494","targetHints":{"allow":["GET"]}}],"collection":[{"href":"https:\/\/cronicadesoledad.com\/index.php\/wp-json\/wp\/v2\/posts"}],"about":[{"href":"https:\/\/cronicadesoledad.com\/index.php\/wp-json\/wp\/v2\/types\/post"}],"author":[{"embeddable":true,"href":"https:\/\/cronicadesoledad.com\/index.php\/wp-json\/wp\/v2\/users\/1"}],"replies":[{"embeddable":true,"href":"https:\/\/cronicadesoledad.com\/index.php\/wp-json\/wp\/v2\/comments?post=14494"}],"version-history":[{"count":1,"href":"https:\/\/cronicadesoledad.com\/index.php\/wp-json\/wp\/v2\/posts\/14494\/revisions"}],"predecessor-version":[{"id":14496,"href":"https:\/\/cronicadesoledad.com\/index.php\/wp-json\/wp\/v2\/posts\/14494\/revisions\/14496"}],"wp:featuredmedia":[{"embeddable":true,"href":"https:\/\/cronicadesoledad.com\/index.php\/wp-json\/wp\/v2\/media\/14495"}],"wp:attachment":[{"href":"https:\/\/cronicadesoledad.com\/index.php\/wp-json\/wp\/v2\/media?parent=14494"}],"wp:term":[{"taxonomy":"category","embeddable":true,"href":"https:\/\/cronicadesoledad.com\/index.php\/wp-json\/wp\/v2\/categories?post=14494"},{"taxonomy":"post_tag","embeddable":true,"href":"https:\/\/cronicadesoledad.com\/index.php\/wp-json\/wp\/v2\/tags?post=14494"}],"curies":[{"name":"wp","href":"https:\/\/api.w.org\/{rel}","templated":true}]}}