{"id":14563,"date":"2025-01-28T12:23:04","date_gmt":"2025-01-28T18:23:04","guid":{"rendered":"https:\/\/cronicadesoledad.com\/?p=14563"},"modified":"2025-01-28T12:23:05","modified_gmt":"2025-01-28T18:23:05","slug":"poder-ejecutivo-listo-para-proceso-electoral-local-del-poder-judicial","status":"publish","type":"post","link":"https:\/\/cronicadesoledad.com\/index.php\/2025\/01\/28\/poder-ejecutivo-listo-para-proceso-electoral-local-del-poder-judicial\/","title":{"rendered":"PODER EJECUTIVO LISTO PARA PROCESO ELECTORAL LOCAL DEL PODER JUDICIAL"},"content":{"rendered":"\n<p>El Poder Ejecutivo Estatal, est\u00e1 listo para el proceso electoral local extraordinario del Poder Judicial, que es in\u00e9dito y representa una oportunidad hist\u00f3rica para consolidar la democracia en el Estado, que ser\u00e1 apegado a cada una de las etapas que iniciaron el pasado 13 de enero con la instalaci\u00f3n y toma de protesta del Comit\u00e9 de Evaluaci\u00f3n.<br><br>As\u00ed lo afirm\u00f3 el secretario general de Gobierno, J. Guadalupe Torres S\u00e1nchez, quien explic\u00f3 que una vez conformado el Comit\u00e9, se trabaj\u00f3 en la emisi\u00f3n y publicaci\u00f3n de las reglas de funcionamiento y, posteriormente en la emisi\u00f3n y publicaci\u00f3n de la Convocatoria para las personas interesadas en participar en la elecci\u00f3n que estar\u00e1 abierta del 24 de enero al 2 de febrero, atendiendo la instrucci\u00f3n del Gobernador del Estado, Ricardo Gallardo Cardona de llevar el proceso apegado a las etapas.<br><br>Exhort\u00f3 a las y los profesionales del Derecho a conocer los t\u00e9rminos de la convocatoria p\u00fablica para la evaluaci\u00f3n y selecci\u00f3n de candidaturas que ser\u00e1n postuladas por el Ejecutivo del Estado para los cargos de magistraturas del Supremo Tribunal de Justicia, jueces de primera instancia y magistraturas del Tribunal de Disciplina Judicial y al cumplir con ellos, participar en el proceso.<br><br>Coment\u00f3 que la convocatoria est\u00e1 abierta a personas con conocimiento del Derecho, experiencia profesional, trayectoria acad\u00e9mica, honestidad y buena fama p\u00fablica y \u00e9tica judicial; una vez cerrado el plazo de registro, el Comit\u00e9 verificar\u00e1 que las personas aspirantes hayan enviado o presentado toda la documentaci\u00f3n e informaci\u00f3n requerida y cumplan los requisitos de elegibilidad establecidos en la convocatoria. La lista de Elegibilidad se publicar\u00e1 el pr\u00f3ximo 4 de febrero del 2025.<br><br>El Comit\u00e9 de Evaluaci\u00f3n del Poder Ejecutivo del Estado est\u00e1 conformado por Olga Regina Garc\u00eda L\u00f3pez, como Presidenta del Comit\u00e9 junto con Jos\u00e9 Antonio Aguilar Reyes y Francisco Eduardo Rubio Guerrero, como integrante de ese \u00f3rgano.<\/p>\n","protected":false},"excerpt":{"rendered":"<p>Comit\u00e9 de Evaluaci\u00f3n emiti\u00f3 convocatoria para el proceso de evaluaci\u00f3n y selecci\u00f3n de las personas postuladas<\/p>\n","protected":false},"author":1,"featured_media":14566,"comment_status":"open","ping_status":"open","sticky":false,"template":"","format":"standard","meta":{"footnotes":""},"categories":[3159,24,3163,19],"tags":[3145,3252,419,738],"class_list":{"0":"post-14563","1":"post","2":"type-post","3":"status-publish","4":"format-standard","5":"has-post-thumbnail","7":"category-estado","8":"category-informacion-general","9":"category-san-luis-potosi","10":"category-seguridad","11":"tag-j-guadalupe-torres-sanches","12":"tag-poder-ejecutivo","13":"tag-poder-judicial","14":"tag-proceso-electoral-2024"},"_links":{"self":[{"href":"https:\/\/cronicadesoledad.com\/index.php\/wp-json\/wp\/v2\/posts\/14563","targetHints":{"allow":["GET"]}}],"collection":[{"href":"https:\/\/cronicadesoledad.com\/index.php\/wp-json\/wp\/v2\/posts"}],"about":[{"href":"https:\/\/cronicadesoledad.com\/index.php\/wp-json\/wp\/v2\/types\/post"}],"author":[{"embeddable":true,"href":"https:\/\/cronicadesoledad.com\/index.php\/wp-json\/wp\/v2\/users\/1"}],"replies":[{"embeddable":true,"href":"https:\/\/cronicadesoledad.com\/index.php\/wp-json\/wp\/v2\/comments?post=14563"}],"version-history":[{"count":1,"href":"https:\/\/cronicadesoledad.com\/index.php\/wp-json\/wp\/v2\/posts\/14563\/revisions"}],"predecessor-version":[{"id":14568,"href":"https:\/\/cronicadesoledad.com\/index.php\/wp-json\/wp\/v2\/posts\/14563\/revisions\/14568"}],"wp:featuredmedia":[{"embeddable":true,"href":"https:\/\/cronicadesoledad.com\/index.php\/wp-json\/wp\/v2\/media\/14566"}],"wp:attachment":[{"href":"https:\/\/cronicadesoledad.com\/index.php\/wp-json\/wp\/v2\/media?parent=14563"}],"wp:term":[{"taxonomy":"category","embeddable":true,"href":"https:\/\/cronicadesoledad.com\/index.php\/wp-json\/wp\/v2\/categories?post=14563"},{"taxonomy":"post_tag","embeddable":true,"href":"https:\/\/cronicadesoledad.com\/index.php\/wp-json\/wp\/v2\/tags?post=14563"}],"curies":[{"name":"wp","href":"https:\/\/api.w.org\/{rel}","templated":true}]}}