{"id":14578,"date":"2025-01-28T14:17:11","date_gmt":"2025-01-28T20:17:11","guid":{"rendered":"https:\/\/cronicadesoledad.com\/?p=14578"},"modified":"2025-01-28T14:17:11","modified_gmt":"2025-01-28T20:17:11","slug":"ejecutivo-estatal-promueve-acciones-contra-adicciones-en-el-ambito-laboral","status":"publish","type":"post","link":"https:\/\/cronicadesoledad.com\/index.php\/2025\/01\/28\/ejecutivo-estatal-promueve-acciones-contra-adicciones-en-el-ambito-laboral\/","title":{"rendered":"EJECUTIVO ESTATAL PROMUEVE ACCIONES CONTRA ADICCIONES EN EL \u00c1MBITO LABORAL"},"content":{"rendered":"\n<p>La Secretar\u00eda del Trabajo y Previsi\u00f3n Social (STPS), en colaboraci\u00f3n con la Coordinaci\u00f3n de Prevenci\u00f3n del Delito arrancaron una agenda conjunta en los centros de trabajo, enfocada en la concientizaci\u00f3n y prevenci\u00f3n de adicciones, en respuesta a la creciente preocupaci\u00f3n por los efectos sobre la productividad laboral, la salud f\u00edsica y emocional de las y los trabajadores y la armon\u00eda en sus vidas personales.<br><br>Bajo la instrucci\u00f3n del Gobernador Ricardo Gallardo Cardona, la STPS, busca fortalecer la cultura del bienestar en los entornos laborales, a trav\u00e9s de la prevenci\u00f3n y tratamiento del consumo de sustancias adictivas que incluye la concientizaci\u00f3n y sensibilizaci\u00f3n mediante charlas y talleres dirigidos a trabajadores y empleadores, atenci\u00f3n integral con apoyo psicol\u00f3gico, orientaci\u00f3n profesional y rehabilitaci\u00f3n y pol\u00edticas preventivas.<br><br>Adem\u00e1s del enfoque en sustancias adictivas, la agenda aborda el uso problem\u00e1tico de dispositivos digitales y redes sociales, un fen\u00f3meno que puede perjudicar la concentraci\u00f3n, las relaciones interpersonales y la salud mental, con la promoci\u00f3n del uso responsable de dispositivos digitales, el fortalecimiento de las relaciones humanas y programas de apoyo para trabajadores.<br><br>El Gobierno del Estado reafirm\u00f3 su compromiso de sensibilizar y proporcionar herramientas que permitan a los trabajadores alcanzar un equilibrio saludable entre su vida laboral y personal, para proteger su bienestar integral y de sus familias, promoviendo entornos laborales saludables, inclusivos y libres de adicciones.<\/p>\n","protected":false},"excerpt":{"rendered":"<p>Busca dar soluci\u00f3n a la problem\u00e1tica por efectos de las adicciones sobre la productividad laboral<\/p>\n","protected":false},"author":1,"featured_media":14579,"comment_status":"open","ping_status":"open","sticky":false,"template":"","format":"standard","meta":{"footnotes":""},"categories":[3159],"tags":[3256,3257,3204,2512],"class_list":{"0":"post-14578","1":"post","2":"type-post","3":"status-publish","4":"format-standard","5":"has-post-thumbnail","7":"category-estado","8":"tag-ejecutivo-estatal","9":"tag-secretaria-del-trabajo-y-prevision-social","10":"tag-stps","11":"tag-trabajo"},"_links":{"self":[{"href":"https:\/\/cronicadesoledad.com\/index.php\/wp-json\/wp\/v2\/posts\/14578","targetHints":{"allow":["GET"]}}],"collection":[{"href":"https:\/\/cronicadesoledad.com\/index.php\/wp-json\/wp\/v2\/posts"}],"about":[{"href":"https:\/\/cronicadesoledad.com\/index.php\/wp-json\/wp\/v2\/types\/post"}],"author":[{"embeddable":true,"href":"https:\/\/cronicadesoledad.com\/index.php\/wp-json\/wp\/v2\/users\/1"}],"replies":[{"embeddable":true,"href":"https:\/\/cronicadesoledad.com\/index.php\/wp-json\/wp\/v2\/comments?post=14578"}],"version-history":[{"count":1,"href":"https:\/\/cronicadesoledad.com\/index.php\/wp-json\/wp\/v2\/posts\/14578\/revisions"}],"predecessor-version":[{"id":14580,"href":"https:\/\/cronicadesoledad.com\/index.php\/wp-json\/wp\/v2\/posts\/14578\/revisions\/14580"}],"wp:featuredmedia":[{"embeddable":true,"href":"https:\/\/cronicadesoledad.com\/index.php\/wp-json\/wp\/v2\/media\/14579"}],"wp:attachment":[{"href":"https:\/\/cronicadesoledad.com\/index.php\/wp-json\/wp\/v2\/media?parent=14578"}],"wp:term":[{"taxonomy":"category","embeddable":true,"href":"https:\/\/cronicadesoledad.com\/index.php\/wp-json\/wp\/v2\/categories?post=14578"},{"taxonomy":"post_tag","embeddable":true,"href":"https:\/\/cronicadesoledad.com\/index.php\/wp-json\/wp\/v2\/tags?post=14578"}],"curies":[{"name":"wp","href":"https:\/\/api.w.org\/{rel}","templated":true}]}}