{"id":14581,"date":"2025-01-28T14:38:07","date_gmt":"2025-01-28T20:38:07","guid":{"rendered":"https:\/\/cronicadesoledad.com\/?p=14581"},"modified":"2025-01-28T14:38:08","modified_gmt":"2025-01-28T20:38:08","slug":"objetivos-criminales-vinculados-a-11-atracos-a-tiendas-de-conveniencia-son-capturados-por-guardia-civil-estatal","status":"publish","type":"post","link":"https:\/\/cronicadesoledad.com\/index.php\/2025\/01\/28\/objetivos-criminales-vinculados-a-11-atracos-a-tiendas-de-conveniencia-son-capturados-por-guardia-civil-estatal\/","title":{"rendered":"OBJETIVOS CRIMINALES VINCULADOS A 11 ATRACOS A TIENDAS DE CONVENIENCIA, SON CAPTURADOS POR GUARDIA CIVIL ESTATAL"},"content":{"rendered":"\n<p>Dos hombres presuntamente relacionados a aproximadamente 11 robos a tiendas de conveniencia al sur de la zona metropolitana, fueron detenidos por elementos de la Guardia Civil Estatal dentro de las acciones del operativo Galer\u00edas.<\/p>\n\n\n\n<p>Los hechos tuvieron lugar en la colonia General I. Mart\u00ednez, en donde efectivos de la GCE lograron la detenci\u00f3n de Samuel \u201cN\u201d de 27 a\u00f1os de edad, quien adem\u00e1s cuenta con antecedentes criminales, por probables delitos contra la salud, as\u00ed como Julio \u201cN\u201d de 22 a\u00f1os, detenido por allanamiento, delitos contra la salud y portaci\u00f3n de arma prohibida. Al momento de su arresto se les aseguraron seis dosis de \u201ccristal\u201d.<\/p>\n\n\n\n<p>Cabe se\u00f1alar que, mediante las labores de inteligencia, dichas personas han sido identificadas por el personal de los diferentes establecimientos, como posibles ladrones de estos sitios comerciales, con ello se da certeza a los trabajos operativos, desarrollados por la corporaci\u00f3n estatal, aunado a las denuncias de las partes afectadas.<\/p>\n\n\n\n<p>Por lo anterior, ambos fueron puestos a disposici\u00f3n de la Fiscal\u00eda General del Estado, as\u00ed como las dosis de droga aseguradas, en donde continuar\u00e1n con su proceso legal.<\/p>\n\n\n\n<p>La Secretar\u00eda de Seguridad y Protecci\u00f3n Ciudadana del Estado exhorta a la poblaci\u00f3n a reportar a trav\u00e9s de los n\u00fameros de emergencias 911 y de Denuncia An\u00f3nima 089, situaciones con apariencia de delito que ponga en riesgo la paz de la ciudadan\u00eda y coadyuvar de manera activa con las autoridades preventivas.<\/p>\n","protected":false},"excerpt":{"rendered":"<p>Ambos detenidos cuentan con historial criminal, por probables delitos contra la salud, allanamiento y portaci\u00f3n de arma prohibida.<\/p>\n","protected":false},"author":1,"featured_media":14582,"comment_status":"open","ping_status":"open","sticky":false,"template":"","format":"standard","meta":{"footnotes":""},"categories":[19],"tags":[2371,1913,1110,276,2941],"class_list":{"0":"post-14581","1":"post","2":"type-post","3":"status-publish","4":"format-standard","5":"has-post-thumbnail","7":"category-seguridad","8":"tag-capturado","9":"tag-gce","10":"tag-guardia-civil-estatal","11":"tag-seguridad","12":"tag-zona-metropolitana"},"_links":{"self":[{"href":"https:\/\/cronicadesoledad.com\/index.php\/wp-json\/wp\/v2\/posts\/14581","targetHints":{"allow":["GET"]}}],"collection":[{"href":"https:\/\/cronicadesoledad.com\/index.php\/wp-json\/wp\/v2\/posts"}],"about":[{"href":"https:\/\/cronicadesoledad.com\/index.php\/wp-json\/wp\/v2\/types\/post"}],"author":[{"embeddable":true,"href":"https:\/\/cronicadesoledad.com\/index.php\/wp-json\/wp\/v2\/users\/1"}],"replies":[{"embeddable":true,"href":"https:\/\/cronicadesoledad.com\/index.php\/wp-json\/wp\/v2\/comments?post=14581"}],"version-history":[{"count":1,"href":"https:\/\/cronicadesoledad.com\/index.php\/wp-json\/wp\/v2\/posts\/14581\/revisions"}],"predecessor-version":[{"id":14583,"href":"https:\/\/cronicadesoledad.com\/index.php\/wp-json\/wp\/v2\/posts\/14581\/revisions\/14583"}],"wp:featuredmedia":[{"embeddable":true,"href":"https:\/\/cronicadesoledad.com\/index.php\/wp-json\/wp\/v2\/media\/14582"}],"wp:attachment":[{"href":"https:\/\/cronicadesoledad.com\/index.php\/wp-json\/wp\/v2\/media?parent=14581"}],"wp:term":[{"taxonomy":"category","embeddable":true,"href":"https:\/\/cronicadesoledad.com\/index.php\/wp-json\/wp\/v2\/categories?post=14581"},{"taxonomy":"post_tag","embeddable":true,"href":"https:\/\/cronicadesoledad.com\/index.php\/wp-json\/wp\/v2\/tags?post=14581"}],"curies":[{"name":"wp","href":"https:\/\/api.w.org\/{rel}","templated":true}]}}