{"id":14604,"date":"2025-01-28T18:47:54","date_gmt":"2025-01-29T00:47:54","guid":{"rendered":"https:\/\/cronicadesoledad.com\/?p=14604"},"modified":"2025-01-28T18:47:55","modified_gmt":"2025-01-29T00:47:55","slug":"copladem-avala-plan-municipal-de-desarrollo-2024-2027-de-villa-de-pozos","status":"publish","type":"post","link":"https:\/\/cronicadesoledad.com\/index.php\/2025\/01\/28\/copladem-avala-plan-municipal-de-desarrollo-2024-2027-de-villa-de-pozos\/","title":{"rendered":"COPLADEM AVALA PLAN MUNICIPAL DE DESARROLLO 2024-2027 DE VILLA DE POZOS"},"content":{"rendered":"\n<p>Con el objetivo de atender las necesidades humanas, crear un municipio s\u00f3lido y garantizar el libre ejercicio de los derechos y la dignidad humana, el Concejo Municipal de Villa de Pozos aprob\u00f3 por unanimidad el Plan Municipal de Desarrollo 2024-2027, enfocado en establecer las bases para la creaci\u00f3n de una Administraci\u00f3n P\u00fablica Municipal que promueva el desarrollo sostenible y la mejora continua en la prestaci\u00f3n de servicios, pol\u00edticas p\u00fablicas y programas que respondan a las demandas de la poblaci\u00f3n.<\/p>\n\n\n\n<p>La Presidenta Concejal, Teresa Rivera Acevedo, asegur\u00f3 que, tras a\u00f1o de olvido y abandono, el gobierno que encabeza tiene la responsabilidad de sentar las condiciones para que se comience a construir una nueva historia y convertir a Villa de Pozos en el municipio m\u00e1s importante del estado de San Luis Potos\u00ed a trav\u00e9s de trabajo s\u00f3lido y eficiente que estar\u00e1 basado en el Plan Municipal de Desarrollo.<\/p>\n\n\n\n<p>Por su parte, el presidente de la C\u00e1mara Nacional de la Industria de Desarrollo y Promoci\u00f3n de Vivienda (CANADEVI), Francisco Torres Ocejo, asegur\u00f3 que el Plan Municipal de Desarrollo permitir\u00e1 que Villa de Pozos d\u00e9 certeza a los constructores e industriales para establecer m\u00e1s inversiones, comerciales, habitacionales e industriales en el nuevo municipio.<\/p>\n\n\n\n<p>Con una visi\u00f3n de crecimiento ordenado y un compromiso con la justicia y la cercan\u00eda al ciudadano, el Plan Municipal de Desarrollo 2024-2027 busca mejorar las condiciones de vida y transformar las din\u00e1micas econ\u00f3micas y sociales de Villa de Pozos, para atender las necesidades m\u00e1s urgentes de la poblaci\u00f3n y garantizar la transparencia y legalidad en la ejecuci\u00f3n de los recursos p\u00fablicos.<\/p>\n","protected":false},"excerpt":{"rendered":"<p>El Concejo Municipal, priorizar las necesidades sociales y econ\u00f3micas del municipio, con un enfoque de transparencia, responsabilidad y respeto por los derechos humanos.<\/p>\n","protected":false},"author":1,"featured_media":14605,"comment_status":"open","ping_status":"open","sticky":false,"template":"","format":"standard","meta":{"footnotes":""},"categories":[3175],"tags":[2829,3264,2904,1067,1068],"class_list":{"0":"post-14604","1":"post","2":"type-post","3":"status-publish","4":"format-standard","5":"has-post-thumbnail","7":"category-pozos","8":"tag-ayuntamiento-de-villa-de-pozos","9":"tag-copladem","10":"tag-plan-municipal-de-desarrollo","11":"tag-pozos","12":"tag-villa-de-pozos"},"_links":{"self":[{"href":"https:\/\/cronicadesoledad.com\/index.php\/wp-json\/wp\/v2\/posts\/14604","targetHints":{"allow":["GET"]}}],"collection":[{"href":"https:\/\/cronicadesoledad.com\/index.php\/wp-json\/wp\/v2\/posts"}],"about":[{"href":"https:\/\/cronicadesoledad.com\/index.php\/wp-json\/wp\/v2\/types\/post"}],"author":[{"embeddable":true,"href":"https:\/\/cronicadesoledad.com\/index.php\/wp-json\/wp\/v2\/users\/1"}],"replies":[{"embeddable":true,"href":"https:\/\/cronicadesoledad.com\/index.php\/wp-json\/wp\/v2\/comments?post=14604"}],"version-history":[{"count":1,"href":"https:\/\/cronicadesoledad.com\/index.php\/wp-json\/wp\/v2\/posts\/14604\/revisions"}],"predecessor-version":[{"id":14606,"href":"https:\/\/cronicadesoledad.com\/index.php\/wp-json\/wp\/v2\/posts\/14604\/revisions\/14606"}],"wp:featuredmedia":[{"embeddable":true,"href":"https:\/\/cronicadesoledad.com\/index.php\/wp-json\/wp\/v2\/media\/14605"}],"wp:attachment":[{"href":"https:\/\/cronicadesoledad.com\/index.php\/wp-json\/wp\/v2\/media?parent=14604"}],"wp:term":[{"taxonomy":"category","embeddable":true,"href":"https:\/\/cronicadesoledad.com\/index.php\/wp-json\/wp\/v2\/categories?post=14604"},{"taxonomy":"post_tag","embeddable":true,"href":"https:\/\/cronicadesoledad.com\/index.php\/wp-json\/wp\/v2\/tags?post=14604"}],"curies":[{"name":"wp","href":"https:\/\/api.w.org\/{rel}","templated":true}]}}