{"id":14630,"date":"2025-01-29T12:00:33","date_gmt":"2025-01-29T18:00:33","guid":{"rendered":"https:\/\/cronicadesoledad.com\/?p=14630"},"modified":"2025-01-29T12:00:34","modified_gmt":"2025-01-29T18:00:34","slug":"gobierno-del-estado-promueve-derechos-laborales-y-ambientales-en-slp","status":"publish","type":"post","link":"https:\/\/cronicadesoledad.com\/index.php\/2025\/01\/29\/gobierno-del-estado-promueve-derechos-laborales-y-ambientales-en-slp\/","title":{"rendered":"GOBIERNO DEL ESTADO PROMUEVE DERECHOS LABORALES Y AMBIENTALES EN SLP"},"content":{"rendered":"\n<p>La Secretar\u00eda del Trabajo y Previsi\u00f3n Social (STPS), sostuvo un encuentro con el Centro de Reflexi\u00f3n y Acci\u00f3n Laboral (Cereal), para coordinar temas relacionados con el Mecanismo de Respuesta R\u00e1pida Alemana, su implementaci\u00f3n en la industria automotriz, y la protecci\u00f3n de derechos humanos, laborales y ecol\u00f3gicos para brindar m\u00e1s apoyo a las y los trabajadores del sector.<\/p>\n\n\n\n<p>Dicho mecanismo se alinea con las pol\u00edticas laborales que impulsa la actual administraci\u00f3n estatal, ya que tambi\u00e9n busca garantizar condiciones laborales justas, el respeto por el medio ambiente.<\/p>\n\n\n\n<p>La STPS reconoci\u00f3 la relevancia de esta herramienta para la protecci\u00f3n integral de las y los trabajadores de la industria automotriz, as\u00ed como la necesidad de socializar y capacitar a las partes involucradas, incluyendo empleadores, trabajadores y sindicatos, tras resaltar que estas acciones permitir\u00e1n sensibilizar y generar compromisos en el sector para avanzar hacia mejores est\u00e1ndares laborales y ambientales internacionales. <\/p>\n\n\n\n<p>La STPS y Cereal reafirmaron su disposici\u00f3n para seguir colaborando en la promoci\u00f3n de iniciativas que fortalezcan los derechos laborales y ambientales y anunciaron que pr\u00f3ximamente llevar\u00e1n a cabo talleres de capacitaci\u00f3n dirigidos a las y los actores clave de la industria, para dar a conocer los alcances del Mecanismo y sus beneficios para fomentar pr\u00e1cticas responsables y sostenibles en las empresas, garantizando as\u00ed el bienestar de los trabajadores y su entorno.<\/p>\n","protected":false},"excerpt":{"rendered":"<p>Fortalece acciones a favor de mejores condiciones laborales, respeto al medio ambiente y salvaguarda de los derechos humanos<\/p>\n","protected":false},"author":1,"featured_media":14631,"comment_status":"open","ping_status":"open","sticky":false,"template":"","format":"standard","meta":{"footnotes":""},"categories":[3159],"tags":[1158,1160,3204,2512],"class_list":{"0":"post-14630","1":"post","2":"type-post","3":"status-publish","4":"format-standard","5":"has-post-thumbnail","7":"category-estado","8":"tag-gobierno-del-estado","9":"tag-ricardo-gallardo-cardona","10":"tag-stps","11":"tag-trabajo"},"_links":{"self":[{"href":"https:\/\/cronicadesoledad.com\/index.php\/wp-json\/wp\/v2\/posts\/14630","targetHints":{"allow":["GET"]}}],"collection":[{"href":"https:\/\/cronicadesoledad.com\/index.php\/wp-json\/wp\/v2\/posts"}],"about":[{"href":"https:\/\/cronicadesoledad.com\/index.php\/wp-json\/wp\/v2\/types\/post"}],"author":[{"embeddable":true,"href":"https:\/\/cronicadesoledad.com\/index.php\/wp-json\/wp\/v2\/users\/1"}],"replies":[{"embeddable":true,"href":"https:\/\/cronicadesoledad.com\/index.php\/wp-json\/wp\/v2\/comments?post=14630"}],"version-history":[{"count":1,"href":"https:\/\/cronicadesoledad.com\/index.php\/wp-json\/wp\/v2\/posts\/14630\/revisions"}],"predecessor-version":[{"id":14632,"href":"https:\/\/cronicadesoledad.com\/index.php\/wp-json\/wp\/v2\/posts\/14630\/revisions\/14632"}],"wp:featuredmedia":[{"embeddable":true,"href":"https:\/\/cronicadesoledad.com\/index.php\/wp-json\/wp\/v2\/media\/14631"}],"wp:attachment":[{"href":"https:\/\/cronicadesoledad.com\/index.php\/wp-json\/wp\/v2\/media?parent=14630"}],"wp:term":[{"taxonomy":"category","embeddable":true,"href":"https:\/\/cronicadesoledad.com\/index.php\/wp-json\/wp\/v2\/categories?post=14630"},{"taxonomy":"post_tag","embeddable":true,"href":"https:\/\/cronicadesoledad.com\/index.php\/wp-json\/wp\/v2\/tags?post=14630"}],"curies":[{"name":"wp","href":"https:\/\/api.w.org\/{rel}","templated":true}]}}