{"id":14640,"date":"2025-01-29T14:17:33","date_gmt":"2025-01-29T20:17:33","guid":{"rendered":"https:\/\/cronicadesoledad.com\/?p=14640"},"modified":"2025-01-29T14:17:33","modified_gmt":"2025-01-29T20:17:33","slug":"villa-de-pozos-impulsa-su-futuro-con-plan-de-desarrollo-municipal","status":"publish","type":"post","link":"https:\/\/cronicadesoledad.com\/index.php\/2025\/01\/29\/villa-de-pozos-impulsa-su-futuro-con-plan-de-desarrollo-municipal\/","title":{"rendered":"Villa de Pozos impulsa su futuro con Plan de Desarrollo Municipal"},"content":{"rendered":"\n<p>Villa de Pozos dio un paso firme hacia el desarrollo con la aprobaci\u00f3n de su primer Plan Municipal de Desarrollo 2024-2027. En una sesi\u00f3n hist\u00f3rica, Ren\u00e9 Oyarvide, secretario general del Consejo Municipal, destac\u00f3 que este documento representa una respuesta a las necesidades y aspiraciones de las y los poce\u00f1os. &#8220;Hoy tenemos un plan responsable, construido desde cero, con base en las voces ciudadanas y una visi\u00f3n integral para el progreso del municipio&#8221;, afirm\u00f3.<\/p>\n\n\n\n<p>La participaci\u00f3n ciudadana fue un pilar fundamental en la elaboraci\u00f3n del plan. Se realizaron consultas en tres etapas mediante buzones y reuniones con diversos sectores, como la comunidad LGBTIQ+, personas con discapacidad y representantes ejidales. &#8220;Recibimos propuestas sobre seguridad, infraestructura, salud y movilidad. Este plan refleja esas demandas y se convierte en un compromiso con la comunidad&#8221;, expres\u00f3 Oyarvide.<\/p>\n\n\n\n<p>Entre los ejes principales del plan destacan la sustentabilidad, seguridad, salud y la transparencia gubernamental. Adem\u00e1s, el municipio buscar\u00e1 impulsar proyectos de infraestructura y mejorar los servicios p\u00fablicos de manera prioritaria. Aunque los detalles de las obras espec\u00edficas ser\u00e1n definidos posteriormente, el secretario asegur\u00f3 que los recursos se aplicar\u00e1n en beneficio directo de los habitantes.<\/p>\n\n\n\n<p>La presentaci\u00f3n del plan marca el inicio de un nuevo cap\u00edtulo para Villa de Pozos, que cuenta con el respaldo de organismos como CANADEVI y diversos sectores empresariales. Con una visi\u00f3n compartida, la administraci\u00f3n municipal invita a la ciudadan\u00eda a trabajar juntos por el bienestar y el desarrollo del municipio. &#8220;Somos un gobierno de puertas abiertas y sabemos que con el apoyo de las y los poce\u00f1os lograremos construir un futuro s\u00f3lido para todos&#8221;, concluy\u00f3 Oyarvide.<\/p>\n","protected":false},"excerpt":{"rendered":"<p>El nuevo municipio presenta un plan integral basado en participaci\u00f3n ciudadana, sustentabilidad y transparencia.<\/p>\n","protected":false},"author":1,"featured_media":14641,"comment_status":"open","ping_status":"open","sticky":false,"template":"","format":"standard","meta":{"footnotes":""},"categories":[24,3175],"tags":[3267,2682,3268,1067,1068],"class_list":{"0":"post-14640","1":"post","2":"type-post","3":"status-publish","4":"format-standard","5":"has-post-thumbnail","7":"category-informacion-general","8":"category-pozos","9":"tag-compladem","10":"tag-concejo-municipal","11":"tag-implan","12":"tag-pozos","13":"tag-villa-de-pozos"},"_links":{"self":[{"href":"https:\/\/cronicadesoledad.com\/index.php\/wp-json\/wp\/v2\/posts\/14640","targetHints":{"allow":["GET"]}}],"collection":[{"href":"https:\/\/cronicadesoledad.com\/index.php\/wp-json\/wp\/v2\/posts"}],"about":[{"href":"https:\/\/cronicadesoledad.com\/index.php\/wp-json\/wp\/v2\/types\/post"}],"author":[{"embeddable":true,"href":"https:\/\/cronicadesoledad.com\/index.php\/wp-json\/wp\/v2\/users\/1"}],"replies":[{"embeddable":true,"href":"https:\/\/cronicadesoledad.com\/index.php\/wp-json\/wp\/v2\/comments?post=14640"}],"version-history":[{"count":1,"href":"https:\/\/cronicadesoledad.com\/index.php\/wp-json\/wp\/v2\/posts\/14640\/revisions"}],"predecessor-version":[{"id":14642,"href":"https:\/\/cronicadesoledad.com\/index.php\/wp-json\/wp\/v2\/posts\/14640\/revisions\/14642"}],"wp:featuredmedia":[{"embeddable":true,"href":"https:\/\/cronicadesoledad.com\/index.php\/wp-json\/wp\/v2\/media\/14641"}],"wp:attachment":[{"href":"https:\/\/cronicadesoledad.com\/index.php\/wp-json\/wp\/v2\/media?parent=14640"}],"wp:term":[{"taxonomy":"category","embeddable":true,"href":"https:\/\/cronicadesoledad.com\/index.php\/wp-json\/wp\/v2\/categories?post=14640"},{"taxonomy":"post_tag","embeddable":true,"href":"https:\/\/cronicadesoledad.com\/index.php\/wp-json\/wp\/v2\/tags?post=14640"}],"curies":[{"name":"wp","href":"https:\/\/api.w.org\/{rel}","templated":true}]}}