{"id":14667,"date":"2025-01-29T19:21:49","date_gmt":"2025-01-30T01:21:49","guid":{"rendered":"https:\/\/cronicadesoledad.com\/?p=14667"},"modified":"2025-01-29T19:21:49","modified_gmt":"2025-01-30T01:21:49","slug":"en-colonia-simon-diaz-de-slp-agentes-de-pdi-aseguraron-un-vehiculo-robado","status":"publish","type":"post","link":"https:\/\/cronicadesoledad.com\/index.php\/2025\/01\/29\/en-colonia-simon-diaz-de-slp-agentes-de-pdi-aseguraron-un-vehiculo-robado\/","title":{"rendered":"EN COLONIA SIM\u00d3N D\u00cdAZ DE SLP, AGENTES DE PDI ASEGURARON UN VEH\u00cdCULO ROBADO"},"content":{"rendered":"\n<p>Fue en la calle Rep\u00fablica de Venezuela de la colonia Sim\u00f3n D\u00edaz, donde la PDI tuvo contacto con un autom\u00f3vil con signos de abandono, as\u00ed como ausencia de rines y llantas, motivo por el cual fue inspeccionado.<\/p>\n\n\n\n<p>Al verificar con la plataforma nacional, los d\u00edgitos de identificaci\u00f3n del veh\u00edculo arrojaron que hab\u00eda sido despojado de su propietario legal el 19 de enero de 2025.<\/p>\n\n\n\n<p>Ante ello, la Fiscal\u00eda General del Estado de San Luis Potos\u00ed (FGESLP) recibi\u00f3 la puesta a disposici\u00f3n del automotor, a fin de establecer su procedencia y realizar la devoluci\u00f3n a quien corresponda.<\/p>\n","protected":false},"excerpt":{"rendered":"<p>Agentes de la Polic\u00eda de Investigaci\u00f3n (PDI) localizaron en la capital potosina, un veh\u00edculo con denuncia de robo.<\/p>\n","protected":false},"author":1,"featured_media":14670,"comment_status":"open","ping_status":"open","sticky":false,"template":"","format":"standard","meta":{"footnotes":""},"categories":[19],"tags":[1819,473,903,1753,2505],"class_list":{"0":"post-14667","1":"post","2":"type-post","3":"status-publish","4":"format-standard","5":"has-post-thumbnail","7":"category-seguridad","8":"tag-fge","9":"tag-fgeslp","10":"tag-fiscalia-general-del-estado","11":"tag-pdi","12":"tag-vehiculos-robados-2"},"_links":{"self":[{"href":"https:\/\/cronicadesoledad.com\/index.php\/wp-json\/wp\/v2\/posts\/14667","targetHints":{"allow":["GET"]}}],"collection":[{"href":"https:\/\/cronicadesoledad.com\/index.php\/wp-json\/wp\/v2\/posts"}],"about":[{"href":"https:\/\/cronicadesoledad.com\/index.php\/wp-json\/wp\/v2\/types\/post"}],"author":[{"embeddable":true,"href":"https:\/\/cronicadesoledad.com\/index.php\/wp-json\/wp\/v2\/users\/1"}],"replies":[{"embeddable":true,"href":"https:\/\/cronicadesoledad.com\/index.php\/wp-json\/wp\/v2\/comments?post=14667"}],"version-history":[{"count":1,"href":"https:\/\/cronicadesoledad.com\/index.php\/wp-json\/wp\/v2\/posts\/14667\/revisions"}],"predecessor-version":[{"id":14671,"href":"https:\/\/cronicadesoledad.com\/index.php\/wp-json\/wp\/v2\/posts\/14667\/revisions\/14671"}],"wp:featuredmedia":[{"embeddable":true,"href":"https:\/\/cronicadesoledad.com\/index.php\/wp-json\/wp\/v2\/media\/14670"}],"wp:attachment":[{"href":"https:\/\/cronicadesoledad.com\/index.php\/wp-json\/wp\/v2\/media?parent=14667"}],"wp:term":[{"taxonomy":"category","embeddable":true,"href":"https:\/\/cronicadesoledad.com\/index.php\/wp-json\/wp\/v2\/categories?post=14667"},{"taxonomy":"post_tag","embeddable":true,"href":"https:\/\/cronicadesoledad.com\/index.php\/wp-json\/wp\/v2\/tags?post=14667"}],"curies":[{"name":"wp","href":"https:\/\/api.w.org\/{rel}","templated":true}]}}