{"id":14697,"date":"2025-02-03T04:30:00","date_gmt":"2025-02-03T10:30:00","guid":{"rendered":"https:\/\/cronicadesoledad.com\/?p=14697"},"modified":"2025-02-03T02:09:54","modified_gmt":"2025-02-03T08:09:54","slug":"villa-de-pozos-sera-pionero-en-slp-en-programa-nacional-de-vivienda","status":"publish","type":"post","link":"https:\/\/cronicadesoledad.com\/index.php\/2025\/02\/03\/villa-de-pozos-sera-pionero-en-slp-en-programa-nacional-de-vivienda\/","title":{"rendered":"Villa de Pozos ser\u00e1 pionero en programa nacional de vivienda"},"content":{"rendered":"\n<p>Villa de Pozos se convertir\u00e1 en uno de los primeros municipios en el Estado de San Luis Potos\u00ed en desarrollar a trav\u00e9s del Programa Nacional de Construcci\u00f3n de Vivienda Social un paquete de viviendas que ser\u00e1n destinadas para beneficio de las familias que carecen de un patrimonio propio con el apoyo del Infonavit y del Instituto Nacional del Suelo Sustentable (INSUS), inform\u00f3 la Presidenta Concejal, Teresa Rivera Acevedo.<\/p>\n\n\n\n<p>En este sentido precis\u00f3 que la administraci\u00f3n municipal, aportar\u00e1 el predio para la construcci\u00f3n hacia el inicio de marzo de este 2025, de las primeras 60 viviendas de inter\u00e9s social dentro de la etapa inicial del programa, hasta alcanzar a lo largo del a\u00f1o alrededor de 500 casas, para ir avanzando gradualmente hasta lograr mil de \u00e9stas, que estar\u00e1n localizadas en la comunidad de Jassos muy cerca de la carretera a Rioverde, lo cual representa ventajas de movilidad.<\/p>\n\n\n\n<p>Rivera Acevedo, destac\u00f3 la importancia de este esquema de apoyo en favor de las familias poce\u00f1as, pues no solo se dotar\u00e1 de un valor patrimonial propio, sino que el proyecto abonar\u00e1 al crecimiento social y econ\u00f3mico de la zona como parte de la visi\u00f3n de crecimiento que el Concejo Municipal tiene para los pr\u00f3ximos a\u00f1os.<\/p>\n\n\n\n<p>Finalmente, la Presidenta Concejal, indic\u00f3 que ya se encuentran en la fase de autorizaci\u00f3n del predio en el que se construir\u00e1 este paquete de viviendas a efecto de contar oportunamente con todos los tr\u00e1mites correspondientes tanto por parte del municipio, como del INSUS, por lo que muy pronto, miles de familias contar\u00e1n con una vivienda propia con el apoyo del municipio.<\/p>\n","protected":false},"excerpt":{"rendered":"<p>Proyecta Gobierno Municipal la construcci\u00f3n de las primeras viviendas en la demarcaci\u00f3n con apoyo del Infonavit e INSUS para beneficiar a familias de Pozos.<\/p>\n","protected":false},"author":1,"featured_media":14698,"comment_status":"open","ping_status":"open","sticky":false,"template":"","format":"standard","meta":{"footnotes":""},"categories":[1,24,3175],"tags":[635,1067,3251,1068,2609],"class_list":{"0":"post-14697","1":"post","2":"type-post","3":"status-publish","4":"format-standard","5":"has-post-thumbnail","7":"category-destacadas","8":"category-informacion-general","9":"category-pozos","10":"tag-infonavit","11":"tag-pozos","12":"tag-teresa-rivera","13":"tag-villa-de-pozos","14":"tag-vivienda"},"_links":{"self":[{"href":"https:\/\/cronicadesoledad.com\/index.php\/wp-json\/wp\/v2\/posts\/14697","targetHints":{"allow":["GET"]}}],"collection":[{"href":"https:\/\/cronicadesoledad.com\/index.php\/wp-json\/wp\/v2\/posts"}],"about":[{"href":"https:\/\/cronicadesoledad.com\/index.php\/wp-json\/wp\/v2\/types\/post"}],"author":[{"embeddable":true,"href":"https:\/\/cronicadesoledad.com\/index.php\/wp-json\/wp\/v2\/users\/1"}],"replies":[{"embeddable":true,"href":"https:\/\/cronicadesoledad.com\/index.php\/wp-json\/wp\/v2\/comments?post=14697"}],"version-history":[{"count":2,"href":"https:\/\/cronicadesoledad.com\/index.php\/wp-json\/wp\/v2\/posts\/14697\/revisions"}],"predecessor-version":[{"id":14788,"href":"https:\/\/cronicadesoledad.com\/index.php\/wp-json\/wp\/v2\/posts\/14697\/revisions\/14788"}],"wp:featuredmedia":[{"embeddable":true,"href":"https:\/\/cronicadesoledad.com\/index.php\/wp-json\/wp\/v2\/media\/14698"}],"wp:attachment":[{"href":"https:\/\/cronicadesoledad.com\/index.php\/wp-json\/wp\/v2\/media?parent=14697"}],"wp:term":[{"taxonomy":"category","embeddable":true,"href":"https:\/\/cronicadesoledad.com\/index.php\/wp-json\/wp\/v2\/categories?post=14697"},{"taxonomy":"post_tag","embeddable":true,"href":"https:\/\/cronicadesoledad.com\/index.php\/wp-json\/wp\/v2\/tags?post=14697"}],"curies":[{"name":"wp","href":"https:\/\/api.w.org\/{rel}","templated":true}]}}