{"id":14717,"date":"2025-01-31T12:34:40","date_gmt":"2025-01-31T18:34:40","guid":{"rendered":"https:\/\/cronicadesoledad.com\/?p=14717"},"modified":"2025-01-31T12:34:40","modified_gmt":"2025-01-31T18:34:40","slug":"soledad-aumenta-recursos-para-seguridad-y-apoyo-social","status":"publish","type":"post","link":"https:\/\/cronicadesoledad.com\/index.php\/2025\/01\/31\/soledad-aumenta-recursos-para-seguridad-y-apoyo-social\/","title":{"rendered":"Soledad aumenta recursos para seguridad y apoyo social"},"content":{"rendered":"\n<p>El Ayuntamiento de Soledad de Graciano S\u00e1nchez destinar\u00e1 mayores recursos a seguridad p\u00fablica y programas sociales en su Presupuesto de Egresos 2025, con el objetivo de fortalecer la operatividad policial y mejorar el bienestar ciudadano.<\/p>\n\n\n\n<p>El secretario general del Ayuntamiento, Benjam\u00edn P\u00e9rez \u00c1lvarez, se\u00f1al\u00f3 que aunque a\u00fan no se han detallado los montos exactos, se prev\u00e9 un incremento significativo en \u00e1reas clave. En el caso de seguridad, se invertir\u00e1n m\u00e1s recursos en equipamiento, capacitaci\u00f3n y operatividad de los cuerpos policiales, con la intenci\u00f3n de reforzar la vigilancia y mejorar la respuesta ante emergencias.<\/p>\n\n\n\n<p>En 2024, la administraci\u00f3n destin\u00f3 $455.8 millones de pesos a infraestructura y obra p\u00fablica, $248.5 millones a servicios generales y $887.3 millones en subsidios para sectores sociales, privados y gubernamentales. Para este a\u00f1o, se busca consolidar programas de apoyo social y fortalecer la atenci\u00f3n a grupos vulnerables.<\/p>\n\n\n\n<p>En los pr\u00f3ximos d\u00edas se dar\u00e1n a conocer m\u00e1s detalles sobre la distribuci\u00f3n del presupuesto y los proyectos espec\u00edficos que se implementar\u00e1n en el municipio.<\/p>\n","protected":false},"excerpt":{"rendered":"<p>El Ayuntamiento de Soledad de Graciano S\u00e1nchez destinar\u00e1 mayores recursos a seguridad p\u00fablica y programas sociales en su Presupuesto de Egresos 2025, con el objetivo de fortalecer la operatividad policial y mejorar el bienestar ciudadano. El secretario general del Ayuntamiento, Benjam\u00edn P\u00e9rez \u00c1lvarez, se\u00f1al\u00f3 que aunque a\u00fan no se han detallado los montos exactos, se [&hellip;]<\/p>\n","protected":false},"author":1,"featured_media":14718,"comment_status":"open","ping_status":"open","sticky":false,"template":"","format":"standard","meta":{"footnotes":""},"categories":[1,24],"tags":[3288,2368,294,3289,261,27],"class_list":{"0":"post-14717","1":"post","2":"type-post","3":"status-publish","4":"format-standard","5":"has-post-thumbnail","7":"category-destacadas","8":"category-informacion-general","9":"tag-apoyo-social","10":"tag-ayuntamiento","11":"tag-san-luis","12":"tag-secretaria-finanzas","13":"tag-slp","14":"tag-soledad"},"_links":{"self":[{"href":"https:\/\/cronicadesoledad.com\/index.php\/wp-json\/wp\/v2\/posts\/14717","targetHints":{"allow":["GET"]}}],"collection":[{"href":"https:\/\/cronicadesoledad.com\/index.php\/wp-json\/wp\/v2\/posts"}],"about":[{"href":"https:\/\/cronicadesoledad.com\/index.php\/wp-json\/wp\/v2\/types\/post"}],"author":[{"embeddable":true,"href":"https:\/\/cronicadesoledad.com\/index.php\/wp-json\/wp\/v2\/users\/1"}],"replies":[{"embeddable":true,"href":"https:\/\/cronicadesoledad.com\/index.php\/wp-json\/wp\/v2\/comments?post=14717"}],"version-history":[{"count":1,"href":"https:\/\/cronicadesoledad.com\/index.php\/wp-json\/wp\/v2\/posts\/14717\/revisions"}],"predecessor-version":[{"id":14719,"href":"https:\/\/cronicadesoledad.com\/index.php\/wp-json\/wp\/v2\/posts\/14717\/revisions\/14719"}],"wp:featuredmedia":[{"embeddable":true,"href":"https:\/\/cronicadesoledad.com\/index.php\/wp-json\/wp\/v2\/media\/14718"}],"wp:attachment":[{"href":"https:\/\/cronicadesoledad.com\/index.php\/wp-json\/wp\/v2\/media?parent=14717"}],"wp:term":[{"taxonomy":"category","embeddable":true,"href":"https:\/\/cronicadesoledad.com\/index.php\/wp-json\/wp\/v2\/categories?post=14717"},{"taxonomy":"post_tag","embeddable":true,"href":"https:\/\/cronicadesoledad.com\/index.php\/wp-json\/wp\/v2\/tags?post=14717"}],"curies":[{"name":"wp","href":"https:\/\/api.w.org\/{rel}","templated":true}]}}