{"id":14726,"date":"2025-01-31T13:26:55","date_gmt":"2025-01-31T19:26:55","guid":{"rendered":"https:\/\/cronicadesoledad.com\/?p=14726"},"modified":"2025-01-31T13:26:55","modified_gmt":"2025-01-31T19:26:55","slug":"soledad-de-graciano-sanchez-sera-sede-de-una-gran-muestra-cultural-de-folclor","status":"publish","type":"post","link":"https:\/\/cronicadesoledad.com\/index.php\/2025\/01\/31\/soledad-de-graciano-sanchez-sera-sede-de-una-gran-muestra-cultural-de-folclor\/","title":{"rendered":"SOLEDAD DE GRACIANO S\u00c1NCHEZ SER\u00c1 SEDE DE UNA GRAN MUESTRA CULTURAL DE FOLCLOR"},"content":{"rendered":"\n<p>A fin de promover el orgullo por las ra\u00edces culturales, tanto locales como de otras regiones del pa\u00eds, y promover el arte en todas sus formas entre la poblaci\u00f3n en general, el Ayuntamiento de Soledad de Graciano S\u00e1nchez, en coordinaci\u00f3n con la Secretar\u00eda de Cultura del Estado, invita a todas las familias a disfrutar de una espectacular muestra cultural de folclor en la Plaza Principal del municipio, que reunir\u00e1 a destacados grupos de danza que representar\u00e1n la riqueza cultural de diversas regiones del pa\u00eds.<\/p>\n\n\n\n<p>Atendiendo la indicaci\u00f3n del Alcalde, Juan Manuel Navarro Mu\u00f1iz, de propiciar que las familias tengan espacios para la sana convivencia y acceso a alternativas culturales para el desarrollo social, el titular de Cultura Municipal, Felipe C\u00e1rdenas Quibrera, invit\u00f3 a todas las personas, soledenses y visitantes, a ser parte de esta importante muestra de las costumbres y la historia mexicana.<\/p>\n\n\n\n<p>Detall\u00f3 que como parte de esta gran celebraci\u00f3n art\u00edstica, se contar\u00e1 con la participaci\u00f3n del grupo de danza Xochitonal, el grupo de danza Thathe Uarariecha de Charapan, Michoac\u00e1n, y el grupo de danza Meraki del municipio de Ray\u00f3n; la presentaci\u00f3n se llevar\u00e1 a cabo el pr\u00f3ximo domingo 2 de febrero a las 18:00 horas, con entrada completamente libre para el p\u00fablico.<\/p>\n\n\n\n<p>El funcionario subray\u00f3 que el Gobierno Municipal de Soledad de Graciano S\u00e1nchez contin\u00faa promoviendo el acceso a la cultura y las artes, acercando a la poblaci\u00f3n eventos de gran calidad que fortalecen la identidad y el orgullo por las tradiciones, \u201ccon esta muestra folcl\u00f3rica, las y los asistentes podr\u00e1n disfrutar de bailes representativos de distintas regiones, en una velada llena de color, m\u00fasica y tradici\u00f3n\u201d.<\/p>\n\n\n\n<p>Esta actividad es una muestra m\u00e1s del compromiso del Gobierno Municipal de Soledad de Graciano S\u00e1nchez de acercar la cultura a la poblaci\u00f3n y de ofrecer espacios para la convivencia familiar y el fortalecimiento de la identidad local.<\/p>\n","protected":false},"excerpt":{"rendered":"<p>Este domingo 2 de febrero, la Plaza principal de Soledad de Graciano S\u00e1nchez se convertir\u00e1 en un espacio de demostraci\u00f3n de la riqueza cultural de M\u00e9xico.<\/p>\n","protected":false},"author":1,"featured_media":14727,"comment_status":"open","ping_status":"open","sticky":false,"template":"","format":"standard","meta":{"footnotes":""},"categories":[3171,1,21],"tags":[334,3293,2913,3186,52],"class_list":{"0":"post-14726","1":"post","2":"type-post","3":"status-publish","4":"format-standard","5":"has-post-thumbnail","7":"category-cultura","8":"category-destacadas","9":"category-tu-soledad","10":"tag-cultura","11":"tag-folclor","12":"tag-musica-2","13":"tag-sgs","14":"tag-soledad-de-graciano-sanchez"},"_links":{"self":[{"href":"https:\/\/cronicadesoledad.com\/index.php\/wp-json\/wp\/v2\/posts\/14726","targetHints":{"allow":["GET"]}}],"collection":[{"href":"https:\/\/cronicadesoledad.com\/index.php\/wp-json\/wp\/v2\/posts"}],"about":[{"href":"https:\/\/cronicadesoledad.com\/index.php\/wp-json\/wp\/v2\/types\/post"}],"author":[{"embeddable":true,"href":"https:\/\/cronicadesoledad.com\/index.php\/wp-json\/wp\/v2\/users\/1"}],"replies":[{"embeddable":true,"href":"https:\/\/cronicadesoledad.com\/index.php\/wp-json\/wp\/v2\/comments?post=14726"}],"version-history":[{"count":1,"href":"https:\/\/cronicadesoledad.com\/index.php\/wp-json\/wp\/v2\/posts\/14726\/revisions"}],"predecessor-version":[{"id":14728,"href":"https:\/\/cronicadesoledad.com\/index.php\/wp-json\/wp\/v2\/posts\/14726\/revisions\/14728"}],"wp:featuredmedia":[{"embeddable":true,"href":"https:\/\/cronicadesoledad.com\/index.php\/wp-json\/wp\/v2\/media\/14727"}],"wp:attachment":[{"href":"https:\/\/cronicadesoledad.com\/index.php\/wp-json\/wp\/v2\/media?parent=14726"}],"wp:term":[{"taxonomy":"category","embeddable":true,"href":"https:\/\/cronicadesoledad.com\/index.php\/wp-json\/wp\/v2\/categories?post=14726"},{"taxonomy":"post_tag","embeddable":true,"href":"https:\/\/cronicadesoledad.com\/index.php\/wp-json\/wp\/v2\/tags?post=14726"}],"curies":[{"name":"wp","href":"https:\/\/api.w.org\/{rel}","templated":true}]}}