{"id":14756,"date":"2025-02-01T13:55:13","date_gmt":"2025-02-01T19:55:13","guid":{"rendered":"https:\/\/cronicadesoledad.com\/?p=14756"},"modified":"2025-02-01T13:55:13","modified_gmt":"2025-02-01T19:55:13","slug":"pozos-acerca-servicios-de-atencion-a-zona-urbana","status":"publish","type":"post","link":"https:\/\/cronicadesoledad.com\/index.php\/2025\/02\/01\/pozos-acerca-servicios-de-atencion-a-zona-urbana\/","title":{"rendered":"POZOS ACERCA SERVICIOS DE ATENCI\u00d3N A ZONA URBANA"},"content":{"rendered":"\n<p>Con el objetivo de optimizar la atenci\u00f3n al p\u00fablico y acercar los servicios a la poblaci\u00f3n, el Concejo Municipal de Villa de Pozos avanza en la rehabilitaci\u00f3n de espacios para la reubicaci\u00f3n de oficinas municipales en el antiguo rastro municipal ubicado en la Avenida Ricardo B. Anaya.<\/p>\n\n\n\n<p>En estos nuevos espacios, el oficial mayor de Villa de Pozos Rafael Cant\u00fa S\u00e1nchez se\u00f1al\u00f3 que se reubicar\u00e1n \u00e1reas clave para el beneficio de las y los habitantes de la localidad, se prev\u00e9 que en la tercera semana de febrero se activen en este inmueble las oficinas de Desarrollo Social, para un mayor contacto con las ciudadan\u00eda, as\u00ed como una extensi\u00f3n de la direcci\u00f3n de Servicios municipales, as\u00ed como Desarrollo Agropecuario y para dar respuesta al abasto del agua y temas relacionados con este tema, se prestar\u00e1 un espacio al Organismo operador del agua Interapas.<\/p>\n\n\n\n<p>Record\u00f3 que actualmente en el rastro municipal, ya opera un punto de cobro con diez ventanillas destinadas al pago de predial, para facilitar el acceso a este importante servicio, la reubicaci\u00f3n de estas oficinas tiene como objetivo una correcta distribuci\u00f3n de los servicios, lo que permitir\u00e1 una mejor atenci\u00f3n y acceso a las y los ciudadanos de este sector de la ciudad.<\/p>\n","protected":false},"excerpt":{"rendered":"<p>A finales de mes se reubicaran las oficinas de Municipales y Desarrollo Social, Desarrollo agropecuario para una atenci\u00f3n mas cercana a las ciudadanos de este sector. <\/p>\n","protected":false},"author":1,"featured_media":14757,"comment_status":"open","ping_status":"open","sticky":false,"template":"","format":"standard","meta":{"footnotes":""},"categories":[24,3175],"tags":[3300,1067,555,3180,1068],"class_list":{"0":"post-14756","1":"post","2":"type-post","3":"status-publish","4":"format-standard","5":"has-post-thumbnail","7":"category-informacion-general","8":"category-pozos","9":"tag-dependencias","10":"tag-pozos","11":"tag-predial","12":"tag-tramites-3","13":"tag-villa-de-pozos"},"_links":{"self":[{"href":"https:\/\/cronicadesoledad.com\/index.php\/wp-json\/wp\/v2\/posts\/14756","targetHints":{"allow":["GET"]}}],"collection":[{"href":"https:\/\/cronicadesoledad.com\/index.php\/wp-json\/wp\/v2\/posts"}],"about":[{"href":"https:\/\/cronicadesoledad.com\/index.php\/wp-json\/wp\/v2\/types\/post"}],"author":[{"embeddable":true,"href":"https:\/\/cronicadesoledad.com\/index.php\/wp-json\/wp\/v2\/users\/1"}],"replies":[{"embeddable":true,"href":"https:\/\/cronicadesoledad.com\/index.php\/wp-json\/wp\/v2\/comments?post=14756"}],"version-history":[{"count":1,"href":"https:\/\/cronicadesoledad.com\/index.php\/wp-json\/wp\/v2\/posts\/14756\/revisions"}],"predecessor-version":[{"id":14758,"href":"https:\/\/cronicadesoledad.com\/index.php\/wp-json\/wp\/v2\/posts\/14756\/revisions\/14758"}],"wp:featuredmedia":[{"embeddable":true,"href":"https:\/\/cronicadesoledad.com\/index.php\/wp-json\/wp\/v2\/media\/14757"}],"wp:attachment":[{"href":"https:\/\/cronicadesoledad.com\/index.php\/wp-json\/wp\/v2\/media?parent=14756"}],"wp:term":[{"taxonomy":"category","embeddable":true,"href":"https:\/\/cronicadesoledad.com\/index.php\/wp-json\/wp\/v2\/categories?post=14756"},{"taxonomy":"post_tag","embeddable":true,"href":"https:\/\/cronicadesoledad.com\/index.php\/wp-json\/wp\/v2\/tags?post=14756"}],"curies":[{"name":"wp","href":"https:\/\/api.w.org\/{rel}","templated":true}]}}