{"id":14792,"date":"2025-02-03T05:00:00","date_gmt":"2025-02-03T11:00:00","guid":{"rendered":"https:\/\/cronicadesoledad.com\/?p=14792"},"modified":"2025-02-03T02:18:02","modified_gmt":"2025-02-03T08:18:02","slug":"inicia-guerra-comercial","status":"publish","type":"post","link":"https:\/\/cronicadesoledad.com\/index.php\/2025\/02\/03\/inicia-guerra-comercial\/","title":{"rendered":"Inicia guerra comercial"},"content":{"rendered":"\n<p>El presidente de Estados Unidos, Donald Trump, ha desatado una tormenta comercial al imponer aranceles del 25% a las importaciones de M\u00e9xico y Canad\u00e1, mientras que a los productos chinos les aplicar\u00e1 un 10%. La decisi\u00f3n, tomada mediante \u00f3rdenes ejecutivas, busca presionar a sus socios comerciales en temas de seguridad fronteriza y narcotr\u00e1fico, en particular el tr\u00e1fico de fentanilo.\u00a0<\/p>\n\n\n\n<p>Desde la Casa Blanca, se argumenta que estas medidas son una respuesta al &#8220;fracaso&#8221; de M\u00e9xico en combatir a los c\u00e1rteles y la migraci\u00f3n irregular. Trump ha insistido en que el gobierno de Claudia Sheinbaum mantiene una &#8220;alianza intolerable&#8221; con el crimen organizado, lo que ha generado una inmediata reacci\u00f3n del gobierno mexicano, calificando las declaraciones como &#8220;una calumnia inaceptable&#8221;.&nbsp;<\/p>\n\n\n\n<p>Ante la ofensiva comercial, Sheinbaum ha declarado que su gobierno est\u00e1 listo para responder con medidas equivalentes y ha instruido a su gabinete a implementar un &#8220;plan B&#8221; en caso de que la crisis escale. Por su parte, el primer ministro canadiense, Justin Trudeau, ha advertido que tomar\u00e1 represalias contra Estados Unidos, acusando a Trump de violar los acuerdos del T-MEC y de poner en riesgo la estabilidad econ\u00f3mica de la regi\u00f3n.&nbsp;<\/p>\n\n\n\n<p>El impacto de estos aranceles podr\u00eda afectar gravemente las cadenas de suministro y encarecer productos esenciales en Am\u00e9rica del Norte. Empresas, mercados y consumidores ya sienten la presi\u00f3n de la incertidumbre, mientras economistas advierten que la guerra comercial podr\u00eda desencadenar una recesi\u00f3n en M\u00e9xico y Canad\u00e1. Todo apunta a que este conflicto apenas comienza y que las consecuencias podr\u00edan ser devastadoras.&nbsp;<\/p>\n\n\n\n<p>Entre los sectores m\u00e1s golpeados por los aranceles est\u00e1n la industria automotriz, la manufactura y la tecnolog\u00eda, que dependen de componentes importados de Estados Unidos. Asimismo, los productos agropecuarios como el ma\u00edz, la carne de cerdo y la soya podr\u00edan encarecerse dr\u00e1sticamente, afectando la producci\u00f3n nacional de alimentos.<\/p>\n","protected":false},"excerpt":{"rendered":"<p>El presidente de Estados Unidos, Donald Trump, ha desatado una tormenta comercial al imponer aranceles del 25% a las importaciones de M\u00e9xico y Canad\u00e1, mientras que a los productos chinos les aplicar\u00e1 un 10%. La decisi\u00f3n, tomada mediante \u00f3rdenes ejecutivas, busca presionar a sus socios comerciales en temas de seguridad fronteriza y narcotr\u00e1fico, en particular [&hellip;]<\/p>\n","protected":false},"author":2,"featured_media":14793,"comment_status":"open","ping_status":"open","sticky":false,"template":"","format":"standard","meta":{"footnotes":""},"categories":[1,24],"tags":[2870,2868,1198,2869,818,288,287,294,261,27],"class_list":{"0":"post-14792","1":"post","2":"type-post","3":"status-publish","4":"format-standard","5":"has-post-thumbnail","7":"category-destacadas","8":"category-informacion-general","9":"tag-donald-trump","10":"tag-eeuu","11":"tag-estados-unidos","12":"tag-eu","13":"tag-eua","14":"tag-internacional","15":"tag-nacional","16":"tag-san-luis","17":"tag-slp","18":"tag-soledad"},"_links":{"self":[{"href":"https:\/\/cronicadesoledad.com\/index.php\/wp-json\/wp\/v2\/posts\/14792","targetHints":{"allow":["GET"]}}],"collection":[{"href":"https:\/\/cronicadesoledad.com\/index.php\/wp-json\/wp\/v2\/posts"}],"about":[{"href":"https:\/\/cronicadesoledad.com\/index.php\/wp-json\/wp\/v2\/types\/post"}],"author":[{"embeddable":true,"href":"https:\/\/cronicadesoledad.com\/index.php\/wp-json\/wp\/v2\/users\/2"}],"replies":[{"embeddable":true,"href":"https:\/\/cronicadesoledad.com\/index.php\/wp-json\/wp\/v2\/comments?post=14792"}],"version-history":[{"count":1,"href":"https:\/\/cronicadesoledad.com\/index.php\/wp-json\/wp\/v2\/posts\/14792\/revisions"}],"predecessor-version":[{"id":14794,"href":"https:\/\/cronicadesoledad.com\/index.php\/wp-json\/wp\/v2\/posts\/14792\/revisions\/14794"}],"wp:featuredmedia":[{"embeddable":true,"href":"https:\/\/cronicadesoledad.com\/index.php\/wp-json\/wp\/v2\/media\/14793"}],"wp:attachment":[{"href":"https:\/\/cronicadesoledad.com\/index.php\/wp-json\/wp\/v2\/media?parent=14792"}],"wp:term":[{"taxonomy":"category","embeddable":true,"href":"https:\/\/cronicadesoledad.com\/index.php\/wp-json\/wp\/v2\/categories?post=14792"},{"taxonomy":"post_tag","embeddable":true,"href":"https:\/\/cronicadesoledad.com\/index.php\/wp-json\/wp\/v2\/tags?post=14792"}],"curies":[{"name":"wp","href":"https:\/\/api.w.org\/{rel}","templated":true}]}}