{"id":14798,"date":"2025-02-03T11:48:28","date_gmt":"2025-02-03T17:48:28","guid":{"rendered":"https:\/\/cronicadesoledad.com\/?p=14798"},"modified":"2025-02-03T11:48:29","modified_gmt":"2025-02-03T17:48:29","slug":"convocan-a-marcha-por-daniela-martell-y-desaparecidos","status":"publish","type":"post","link":"https:\/\/cronicadesoledad.com\/index.php\/2025\/02\/03\/convocan-a-marcha-por-daniela-martell-y-desaparecidos\/","title":{"rendered":"Convocan a marcha por Daniela Martell y desaparecidos"},"content":{"rendered":"\n<p>Familiares y ciudadanos convocan a una nueva marcha en San Luis Potos\u00ed para exigir justicia y la localizaci\u00f3n de Daniela Martell, quien lleva 26 d\u00edas desaparecida. La manifestaci\u00f3n se realizar\u00e1 el pr\u00f3ximo jueves 6 de febrero, partiendo a las 16:30 horas del Memorial por las V\u00edctimas de Feminicidio, ubicado en la Plaza de Armas de la capital potosina.<\/p>\n\n\n\n<p>El llamado a la movilizaci\u00f3n ha circulado en redes sociales, recordando que Daniela Martell, artista potosina, cumpli\u00f3 45 a\u00f1os el pasado 2 de febrero sin que hasta ahora se tenga informaci\u00f3n sobre su paradero. Su familia organiz\u00f3 una marcha anterior el 14 de enero, donde exigieron intensificar su b\u00fasqueda y denunciaron la inseguridad que enfrentan las mujeres que trabajan en plataformas de transporte.<\/p>\n\n\n\n<p>Martell fue vista por \u00faltima vez el 6 de enero en la colonia Tequisquiapan, cuando conduc\u00eda un veh\u00edculo Suzuki Swift rojo como parte de su labor en InDriver. D\u00edas despu\u00e9s, su autom\u00f3vil fue encontrado calcinado en la comunidad La Esperanza, en el municipio de Villa de Zaragoza. El 20 de enero, la Fiscal\u00eda General del Estado inform\u00f3 sobre el hallazgo de fragmentos \u00f3seos en la misma zona, pero su identificaci\u00f3n a\u00fan no ha sido confirmada debido a la complejidad de los an\u00e1lisis forenses.<\/p>\n","protected":false},"excerpt":{"rendered":"<p>Familiares y ciudadanos convocan a una nueva marcha en San Luis Potos\u00ed para exigir justicia y la localizaci\u00f3n de Daniela Martell, quien lleva 26 d\u00edas desaparecida. La manifestaci\u00f3n se realizar\u00e1 el pr\u00f3ximo jueves 6 de febrero, partiendo a las 16:30 horas del Memorial por las V\u00edctimas de Feminicidio, ubicado en la Plaza de Armas de [&hellip;]<\/p>\n","protected":false},"author":1,"featured_media":14799,"comment_status":"open","ping_status":"open","sticky":false,"template":"","format":"standard","meta":{"footnotes":""},"categories":[30,3163],"tags":[3124,783,1910,294,261,27],"class_list":{"0":"post-14798","1":"post","2":"type-post","3":"status-publish","4":"format-standard","5":"has-post-thumbnail","7":"category-de-la-region-centro","8":"category-san-luis-potosi","9":"tag-daniela-martell","10":"tag-desaparecidos","11":"tag-marcha","12":"tag-san-luis","13":"tag-slp","14":"tag-soledad"},"_links":{"self":[{"href":"https:\/\/cronicadesoledad.com\/index.php\/wp-json\/wp\/v2\/posts\/14798","targetHints":{"allow":["GET"]}}],"collection":[{"href":"https:\/\/cronicadesoledad.com\/index.php\/wp-json\/wp\/v2\/posts"}],"about":[{"href":"https:\/\/cronicadesoledad.com\/index.php\/wp-json\/wp\/v2\/types\/post"}],"author":[{"embeddable":true,"href":"https:\/\/cronicadesoledad.com\/index.php\/wp-json\/wp\/v2\/users\/1"}],"replies":[{"embeddable":true,"href":"https:\/\/cronicadesoledad.com\/index.php\/wp-json\/wp\/v2\/comments?post=14798"}],"version-history":[{"count":1,"href":"https:\/\/cronicadesoledad.com\/index.php\/wp-json\/wp\/v2\/posts\/14798\/revisions"}],"predecessor-version":[{"id":14800,"href":"https:\/\/cronicadesoledad.com\/index.php\/wp-json\/wp\/v2\/posts\/14798\/revisions\/14800"}],"wp:featuredmedia":[{"embeddable":true,"href":"https:\/\/cronicadesoledad.com\/index.php\/wp-json\/wp\/v2\/media\/14799"}],"wp:attachment":[{"href":"https:\/\/cronicadesoledad.com\/index.php\/wp-json\/wp\/v2\/media?parent=14798"}],"wp:term":[{"taxonomy":"category","embeddable":true,"href":"https:\/\/cronicadesoledad.com\/index.php\/wp-json\/wp\/v2\/categories?post=14798"},{"taxonomy":"post_tag","embeddable":true,"href":"https:\/\/cronicadesoledad.com\/index.php\/wp-json\/wp\/v2\/tags?post=14798"}],"curies":[{"name":"wp","href":"https:\/\/api.w.org\/{rel}","templated":true}]}}