{"id":14814,"date":"2025-02-03T13:30:00","date_gmt":"2025-02-03T19:30:00","guid":{"rendered":"https:\/\/cronicadesoledad.com\/?p=14814"},"modified":"2025-02-03T22:10:47","modified_gmt":"2025-02-04T04:10:47","slug":"alcalde-navarro-se-suma-al-programa-de-acceso-a-viviendas","status":"publish","type":"post","link":"https:\/\/cronicadesoledad.com\/index.php\/2025\/02\/03\/alcalde-navarro-se-suma-al-programa-de-acceso-a-viviendas\/","title":{"rendered":"Alcalde Navarro se suma al programa de acceso a viviendas"},"content":{"rendered":"\n<p>En el marco del reciente anuncio del programa de construcci\u00f3n de viviendas a familias de escasos recursos por parte del Gobernador del Estado, Ricardo Gallardo Cardona; el Alcalde, Juan Manuel Navarro Mu\u00f1iz celebr\u00f3 el ambicioso proyecto que tiene como objetivo ofrecer condiciones para mejorar la calidad y niveles de bienestar, representando para Soledad de Graciano S\u00e1nchez la donaci\u00f3n de dos mil 500 lotes para las y los habitantes.<\/p>\n\n\n\n<p>El edil destac\u00f3 el impacto social positivo de este programa, que representa una oportunidad hist\u00f3rica para que m\u00e1s soledenses accedan a una vivienda digna, y subray\u00f3 que el municipio trabajar\u00e1 de la mano con las instituciones estatales en materia de vivienda, a trav\u00e9s de las dependencias municipales involucradas, para consolidar los resultados y que familias en desventaja sean beneficiadas.<\/p>\n\n\n\n<p>Dijo que, en pr\u00f3ximas semanas, se coordinar\u00e1n con el Estado, para conocer las reglas de operaci\u00f3n y bases de inscripci\u00f3n, garantizando que estos lotes lleguen a quienes realmente los necesitan. &#8220;Haremos un selectivo muy importante para valorar que efectivamente la gente no tenga vivienda y que el beneficio llegue a quienes m\u00e1s lo requieren&#8221;, afirm\u00f3.<\/p>\n\n\n\n<p>Destac\u00f3 que el Gobernador, Ricardo Gallardo, tiene presente a la poblaci\u00f3n soledense en todos los programas que impulsa, \u201csiempre que viene a Soledad trae buenas noticias, y eso se lo agradecemos bastante. Agreg\u00f3 que el Ayuntamiento tendr\u00e1 toda la disposici\u00f3n para que este programa se lleve a cabo lo antes posible y cumpla con la finalidad de apoyar a las familias que no han podido asegurar un patrimonio.<\/p>\n\n\n\n<p>Por \u00faltimo, Navarro Mu\u00f1iz resalt\u00f3 que este programa es parte del fortalecimiento del crecimiento sostenido que experimenta Soledad de Graciano S\u00e1nchez: &#8220;Queremos posicionar a Soledad como el mejor municipio del estado, darle identidad a nuestra gente y convertirlo en una gran ciudad, hoy se demuestra con m\u00e1s inversiones en fraccionamientos y franquicias comerciales, lo que demuestra la estabilidad pol\u00edtica y econ\u00f3mica del municipio&#8221;, enfatiz\u00f3.<\/p>\n","protected":false},"excerpt":{"rendered":"<p>En el marco del reciente anuncio del programa de construcci\u00f3n de viviendas a familias de escasos recursos por parte del Gobernador del Estado, Ricardo Gallardo Cardona; el Alcalde, Juan Manuel Navarro Mu\u00f1iz celebr\u00f3 el ambicioso proyecto que tiene como objetivo ofrecer condiciones para mejorar la calidad y niveles de bienestar, representando para Soledad de Graciano [&hellip;]<\/p>\n","protected":false},"author":2,"featured_media":14815,"comment_status":"open","ping_status":"open","sticky":false,"template":"","format":"standard","meta":{"footnotes":""},"categories":[1,3301,3080,21],"tags":[1968,223,1158,1967,1160,294,261,27,1881],"class_list":{"0":"post-14814","1":"post","2":"type-post","3":"status-publish","4":"format-standard","5":"has-post-thumbnail","7":"category-destacadas","8":"category-internacionales","9":"category-slp","10":"category-tu-soledad","11":"tag-alcalde","12":"tag-ayuntamiento-soledense","13":"tag-gobierno-del-estado","14":"tag-juan-manuel-navarro","15":"tag-ricardo-gallardo-cardona","16":"tag-san-luis","17":"tag-slp","18":"tag-soledad","19":"tag-viviendas"},"_links":{"self":[{"href":"https:\/\/cronicadesoledad.com\/index.php\/wp-json\/wp\/v2\/posts\/14814","targetHints":{"allow":["GET"]}}],"collection":[{"href":"https:\/\/cronicadesoledad.com\/index.php\/wp-json\/wp\/v2\/posts"}],"about":[{"href":"https:\/\/cronicadesoledad.com\/index.php\/wp-json\/wp\/v2\/types\/post"}],"author":[{"embeddable":true,"href":"https:\/\/cronicadesoledad.com\/index.php\/wp-json\/wp\/v2\/users\/2"}],"replies":[{"embeddable":true,"href":"https:\/\/cronicadesoledad.com\/index.php\/wp-json\/wp\/v2\/comments?post=14814"}],"version-history":[{"count":1,"href":"https:\/\/cronicadesoledad.com\/index.php\/wp-json\/wp\/v2\/posts\/14814\/revisions"}],"predecessor-version":[{"id":14816,"href":"https:\/\/cronicadesoledad.com\/index.php\/wp-json\/wp\/v2\/posts\/14814\/revisions\/14816"}],"wp:featuredmedia":[{"embeddable":true,"href":"https:\/\/cronicadesoledad.com\/index.php\/wp-json\/wp\/v2\/media\/14815"}],"wp:attachment":[{"href":"https:\/\/cronicadesoledad.com\/index.php\/wp-json\/wp\/v2\/media?parent=14814"}],"wp:term":[{"taxonomy":"category","embeddable":true,"href":"https:\/\/cronicadesoledad.com\/index.php\/wp-json\/wp\/v2\/categories?post=14814"},{"taxonomy":"post_tag","embeddable":true,"href":"https:\/\/cronicadesoledad.com\/index.php\/wp-json\/wp\/v2\/tags?post=14814"}],"curies":[{"name":"wp","href":"https:\/\/api.w.org\/{rel}","templated":true}]}}