{"id":14845,"date":"2025-02-04T19:30:00","date_gmt":"2025-02-05T01:30:00","guid":{"rendered":"https:\/\/cronicadesoledad.com\/?p=14845"},"modified":"2025-02-04T18:14:55","modified_gmt":"2025-02-05T00:14:55","slug":"soledad-presenta-segundo-libro-de-leyendas-urbanas","status":"publish","type":"post","link":"https:\/\/cronicadesoledad.com\/index.php\/2025\/02\/04\/soledad-presenta-segundo-libro-de-leyendas-urbanas\/","title":{"rendered":"Soledad presenta segundo libro de leyendas urbanas"},"content":{"rendered":"\n<p>Con la firme directriz del Alcalde Juan Manuel Navarro Mu\u00f1iz, de preservar y promover la historia, la tradici\u00f3n y el desarrollo educativo en Soledad de Graciano S\u00e1nchez, este d\u00eda, fue presentado oficialmente la segunda edici\u00f3n del libro \u201cLeyendas Soledenses\u201d, que re\u00fane 20 leyendas basadas en hechos reales, de las cuales cinco fueron distinguidas en el reciente concurso de leyendas.<\/p>\n\n\n\n<p>El proyecto, busca impulsar la identidad y el patrimonio cultural del municipio, con el prop\u00f3sito de preservar y promover la tradici\u00f3n oral; el libro combina relatos tradicionales y elementos hist\u00f3ricos y geogr\u00e1ficos reales, invitando a la poblaci\u00f3n a conocer los lugares emblem\u00e1ticos que inspiran cada historia; en uno de los relatos se destaca la menci\u00f3n de un cerro con formaciones rocosas \u00fanicas, que se convierte en s\u00edmbolo de uni\u00f3n y amor eterno.<\/p>\n\n\n\n<p>Benjam\u00edn P\u00e9rez \u00c1lvarez, Secretario General del Ayuntamiento, agradeci\u00f3 el constante apoyo de las autoridades estatales y del Instituto Nacional de Antropolog\u00eda e Historia, subrayando que \u201ceste libro es una herramienta para fortalecer los lazos entre el Gobierno y la poblaci\u00f3n, demostrando que la Administraci\u00f3n est\u00e1 siempre cerca de las familias, j\u00f3venes, adultos mayores y sectores vulnerables\u201d.<\/p>\n\n\n\n<p>Durante la presentaci\u00f3n, el Cronista Amado Juan S\u00e1nchez Cabrera destac\u00f3 que \u201cla obra es fruto del trabajo en equipo, en el que cada relato representa una parte vital de la identidad de nuestra comunidad\u201d. Afirm\u00f3 que este proyecto reafirma el compromiso por promover el patrimonio cultural y tur\u00edstico de Soledad de Graciano S\u00e1nchez, \u201ccon iniciativas como esta, el Gobierno escucha y atiende las necesidades de la poblaci\u00f3n, generando espacios de encuentro y fortalecimiento de nuestra identidad\u201d.<\/p>\n\n\n\n<p>La obra, que en esta edici\u00f3n recoge relatos que invitan a sumergirse en la riqueza cultural del municipio, estar\u00e1 disponible en librer\u00edas de San Luis Potos\u00ed, puntos de venta en Soledad de Graciano S\u00e1nchez y establecimientos como la librer\u00eda parroquial. La presentaci\u00f3n del libro es solo una de las muchas iniciativas impulsadas por el Gobierno, siguiendo las instrucciones del Alcalde, para ofrecer a la poblaci\u00f3n m\u00e1s oportunidades de conocer y disfrutar la cultura local.<\/p>\n","protected":false},"excerpt":{"rendered":"<p>Con la firme directriz del Alcalde Juan Manuel Navarro Mu\u00f1iz, de preservar y promover la historia, la tradici\u00f3n y el desarrollo educativo en Soledad de Graciano S\u00e1nchez, este d\u00eda, fue presentado oficialmente la segunda edici\u00f3n del libro \u201cLeyendas Soledenses\u201d, que re\u00fane 20 leyendas basadas en hechos reales, de las cuales cinco fueron distinguidas en el [&hellip;]<\/p>\n","protected":false},"author":2,"featured_media":14846,"comment_status":"open","ping_status":"open","sticky":false,"template":"","format":"standard","meta":{"footnotes":""},"categories":[1,24,21],"tags":[223,3322,704,294,261,27],"class_list":{"0":"post-14845","1":"post","2":"type-post","3":"status-publish","4":"format-standard","5":"has-post-thumbnail","7":"category-destacadas","8":"category-informacion-general","9":"category-tu-soledad","10":"tag-ayuntamiento-soledense","11":"tag-leyendas-urbanas","12":"tag-libros","13":"tag-san-luis","14":"tag-slp","15":"tag-soledad"},"_links":{"self":[{"href":"https:\/\/cronicadesoledad.com\/index.php\/wp-json\/wp\/v2\/posts\/14845","targetHints":{"allow":["GET"]}}],"collection":[{"href":"https:\/\/cronicadesoledad.com\/index.php\/wp-json\/wp\/v2\/posts"}],"about":[{"href":"https:\/\/cronicadesoledad.com\/index.php\/wp-json\/wp\/v2\/types\/post"}],"author":[{"embeddable":true,"href":"https:\/\/cronicadesoledad.com\/index.php\/wp-json\/wp\/v2\/users\/2"}],"replies":[{"embeddable":true,"href":"https:\/\/cronicadesoledad.com\/index.php\/wp-json\/wp\/v2\/comments?post=14845"}],"version-history":[{"count":1,"href":"https:\/\/cronicadesoledad.com\/index.php\/wp-json\/wp\/v2\/posts\/14845\/revisions"}],"predecessor-version":[{"id":14847,"href":"https:\/\/cronicadesoledad.com\/index.php\/wp-json\/wp\/v2\/posts\/14845\/revisions\/14847"}],"wp:featuredmedia":[{"embeddable":true,"href":"https:\/\/cronicadesoledad.com\/index.php\/wp-json\/wp\/v2\/media\/14846"}],"wp:attachment":[{"href":"https:\/\/cronicadesoledad.com\/index.php\/wp-json\/wp\/v2\/media?parent=14845"}],"wp:term":[{"taxonomy":"category","embeddable":true,"href":"https:\/\/cronicadesoledad.com\/index.php\/wp-json\/wp\/v2\/categories?post=14845"},{"taxonomy":"post_tag","embeddable":true,"href":"https:\/\/cronicadesoledad.com\/index.php\/wp-json\/wp\/v2\/tags?post=14845"}],"curies":[{"name":"wp","href":"https:\/\/api.w.org\/{rel}","templated":true}]}}