{"id":14848,"date":"2025-02-04T20:00:00","date_gmt":"2025-02-05T02:00:00","guid":{"rendered":"https:\/\/cronicadesoledad.com\/?p=14848"},"modified":"2025-02-04T18:23:48","modified_gmt":"2025-02-05T00:23:48","slug":"ofrecieron-platicas-sobre-el-acoso-escolar-en-primaria-pedro-montoya","status":"publish","type":"post","link":"https:\/\/cronicadesoledad.com\/index.php\/2025\/02\/04\/ofrecieron-platicas-sobre-el-acoso-escolar-en-primaria-pedro-montoya\/","title":{"rendered":"Ofrecieron pl\u00e1ticas sobre el acoso escolar en Primaria Pedro Montoya"},"content":{"rendered":"\n<p>Con el objetivo de fortalecer la relaci\u00f3n con la ciudadan\u00eda, fomentar valores en las y los j\u00f3venes del municipio, adem\u00e1s de prevenir el delito de ra\u00edz, la Guardia Civil Municipal de Soledad de Graciano S\u00e1nchez, a trav\u00e9s de la Subdirecci\u00f3n de Proximidad Social, brind\u00f3 pl\u00e1ticas a estudiantes de nivel b\u00e1sico en la Primaria Pedro Montoya de Cabecera Municipal, cuyo tema principal fue la prevenci\u00f3n del acoso escolar.<\/p>\n\n\n\n<p>La ponencia fue impartida a un total de 542 alumnos y alumnas integrados en 18 grupos de todos los grados, cuyo objetivo fue prevenir y erradicar conductas que da\u00f1an la sana convivencia, y que generan conflictos mayores que terminan en actos que afectan el autoestima y sano desarrollo de la juventud.<\/p>\n\n\n\n<p>Estas actividades forman parte de los servicios que brinda la Subdirecci\u00f3n de Proximidad Social, que lleva pl\u00e1ticas preventivas a ni\u00f1os, ni\u00f1as y j\u00f3venes, solicitados por las propias escuelas que se basan en problem\u00e1ticas espec\u00edficas para solicitar alg\u00fan tema determinado, todo en coordinaci\u00f3n con padres y madres de familia quienes tambi\u00e9n participan y asisten a dichas pl\u00e1ticas.<\/p>\n\n\n\n<p>La labor de las y los oficiales que conforman el lado humano se la corporaci\u00f3n acude a cualquier instituci\u00f3n que lo solicite, esto mediante un escrito dirigido a la Direcci\u00f3n General de la Guardia Civil Estatal, que debe ser entregado en la comandancia central ubicada en la calle Iturbide #550 en la colonia Rancho Pav\u00f3n.<\/p>\n","protected":false},"excerpt":{"rendered":"<p>Con el objetivo de fortalecer la relaci\u00f3n con la ciudadan\u00eda, fomentar valores en las y los j\u00f3venes del municipio, adem\u00e1s de prevenir el delito de ra\u00edz, la Guardia Civil Municipal de Soledad de Graciano S\u00e1nchez, a trav\u00e9s de la Subdirecci\u00f3n de Proximidad Social, brind\u00f3 pl\u00e1ticas a estudiantes de nivel b\u00e1sico en la Primaria Pedro Montoya [&hellip;]<\/p>\n","protected":false},"author":2,"featured_media":14849,"comment_status":"open","ping_status":"open","sticky":false,"template":"","format":"standard","meta":{"footnotes":""},"categories":[24,19,21],"tags":[3324,223,3323,294,261,27],"class_list":{"0":"post-14848","1":"post","2":"type-post","3":"status-publish","4":"format-standard","5":"has-post-thumbnail","7":"category-informacion-general","8":"category-seguridad","9":"category-tu-soledad","10":"tag-acoso-escolar","11":"tag-ayuntamiento-soledense","12":"tag-primaria-pedro-montoya","13":"tag-san-luis","14":"tag-slp","15":"tag-soledad"},"_links":{"self":[{"href":"https:\/\/cronicadesoledad.com\/index.php\/wp-json\/wp\/v2\/posts\/14848","targetHints":{"allow":["GET"]}}],"collection":[{"href":"https:\/\/cronicadesoledad.com\/index.php\/wp-json\/wp\/v2\/posts"}],"about":[{"href":"https:\/\/cronicadesoledad.com\/index.php\/wp-json\/wp\/v2\/types\/post"}],"author":[{"embeddable":true,"href":"https:\/\/cronicadesoledad.com\/index.php\/wp-json\/wp\/v2\/users\/2"}],"replies":[{"embeddable":true,"href":"https:\/\/cronicadesoledad.com\/index.php\/wp-json\/wp\/v2\/comments?post=14848"}],"version-history":[{"count":1,"href":"https:\/\/cronicadesoledad.com\/index.php\/wp-json\/wp\/v2\/posts\/14848\/revisions"}],"predecessor-version":[{"id":14850,"href":"https:\/\/cronicadesoledad.com\/index.php\/wp-json\/wp\/v2\/posts\/14848\/revisions\/14850"}],"wp:featuredmedia":[{"embeddable":true,"href":"https:\/\/cronicadesoledad.com\/index.php\/wp-json\/wp\/v2\/media\/14849"}],"wp:attachment":[{"href":"https:\/\/cronicadesoledad.com\/index.php\/wp-json\/wp\/v2\/media?parent=14848"}],"wp:term":[{"taxonomy":"category","embeddable":true,"href":"https:\/\/cronicadesoledad.com\/index.php\/wp-json\/wp\/v2\/categories?post=14848"},{"taxonomy":"post_tag","embeddable":true,"href":"https:\/\/cronicadesoledad.com\/index.php\/wp-json\/wp\/v2\/tags?post=14848"}],"curies":[{"name":"wp","href":"https:\/\/api.w.org\/{rel}","templated":true}]}}