{"id":14885,"date":"2025-02-06T16:30:00","date_gmt":"2025-02-06T22:30:00","guid":{"rendered":"https:\/\/cronicadesoledad.com\/?p=14885"},"modified":"2025-02-06T16:03:13","modified_gmt":"2025-02-06T22:03:13","slug":"trabajadores-bloquearon-avenida-industrias-en-protesta-por-falta-de-pago","status":"publish","type":"post","link":"https:\/\/cronicadesoledad.com\/index.php\/2025\/02\/06\/trabajadores-bloquearon-avenida-industrias-en-protesta-por-falta-de-pago\/","title":{"rendered":"Trabajadores bloquearon avenida Industrias en protesta por falta de pago"},"content":{"rendered":"\n<p>Un grupo de trabajadores de la construcci\u00f3n bloque\u00f3 este lunes la avenida Industrias, cerca de la Universidad Tangamanga, exigiendo el pago de salarios atrasados \u200b\u200bdesde agosto de 2024. M\u00e1s de cien obreros se\u00f1alaron al empresario Juan Puente como responsable de la deuda.<\/p>\n\n\n\n<p>Los manifestantes explicaron que el ingeniero Carmelo Olvera los contrat\u00f3, pero no ha recibido los recursos para liquidarles. Ante la falta de respuesta, transportistas y obreros cerraron la vialidad con al menos 15 camiones de carga en busca de una soluci\u00f3n.<\/p>\n\n\n\n<p>Aseguran que la falta de pago ha afectado su econom\u00eda, especialmente en las fiestas decembrinas. Se\u00f1alaron que la deuda corresponde a una plataforma que construyeron y que, pese a m\u00faltiples reclamos, s\u00f3lo han recibido promesas incumplidas.<\/p>\n\n\n\n<p>Los trabajadores advirtieron que no se retirar\u00e1n hasta recibir su pago y pidieron la intervenci\u00f3n de las autoridades para garantizar el respeto a sus derechos laborales.<\/p>\n","protected":false},"excerpt":{"rendered":"<p>Un grupo de trabajadores de la construcci\u00f3n bloque\u00f3 este lunes la avenida Industrias, cerca de la Universidad Tangamanga, exigiendo el pago de salarios atrasados \u200b\u200bdesde agosto de 2024. M\u00e1s de cien obreros se\u00f1alaron al empresario Juan Puente como responsable de la deuda. Los manifestantes explicaron que el ingeniero Carmelo Olvera los contrat\u00f3, pero no ha [&hellip;]<\/p>\n","protected":false},"author":2,"featured_media":14886,"comment_status":"open","ping_status":"open","sticky":false,"template":"","format":"standard","meta":{"footnotes":""},"categories":[1,24],"tags":[3330,3331,663,294,261,27],"class_list":{"0":"post-14885","1":"post","2":"type-post","3":"status-publish","4":"format-standard","5":"has-post-thumbnail","7":"category-destacadas","8":"category-informacion-general","9":"tag-avenida-industrias","10":"tag-falta-de-pago","11":"tag-protesta","12":"tag-san-luis","13":"tag-slp","14":"tag-soledad"},"_links":{"self":[{"href":"https:\/\/cronicadesoledad.com\/index.php\/wp-json\/wp\/v2\/posts\/14885","targetHints":{"allow":["GET"]}}],"collection":[{"href":"https:\/\/cronicadesoledad.com\/index.php\/wp-json\/wp\/v2\/posts"}],"about":[{"href":"https:\/\/cronicadesoledad.com\/index.php\/wp-json\/wp\/v2\/types\/post"}],"author":[{"embeddable":true,"href":"https:\/\/cronicadesoledad.com\/index.php\/wp-json\/wp\/v2\/users\/2"}],"replies":[{"embeddable":true,"href":"https:\/\/cronicadesoledad.com\/index.php\/wp-json\/wp\/v2\/comments?post=14885"}],"version-history":[{"count":1,"href":"https:\/\/cronicadesoledad.com\/index.php\/wp-json\/wp\/v2\/posts\/14885\/revisions"}],"predecessor-version":[{"id":14887,"href":"https:\/\/cronicadesoledad.com\/index.php\/wp-json\/wp\/v2\/posts\/14885\/revisions\/14887"}],"wp:featuredmedia":[{"embeddable":true,"href":"https:\/\/cronicadesoledad.com\/index.php\/wp-json\/wp\/v2\/media\/14886"}],"wp:attachment":[{"href":"https:\/\/cronicadesoledad.com\/index.php\/wp-json\/wp\/v2\/media?parent=14885"}],"wp:term":[{"taxonomy":"category","embeddable":true,"href":"https:\/\/cronicadesoledad.com\/index.php\/wp-json\/wp\/v2\/categories?post=14885"},{"taxonomy":"post_tag","embeddable":true,"href":"https:\/\/cronicadesoledad.com\/index.php\/wp-json\/wp\/v2\/tags?post=14885"}],"curies":[{"name":"wp","href":"https:\/\/api.w.org\/{rel}","templated":true}]}}