{"id":14970,"date":"2025-02-10T14:15:04","date_gmt":"2025-02-10T20:15:04","guid":{"rendered":"https:\/\/cronicadesoledad.com\/?p=14970"},"modified":"2025-02-10T14:15:04","modified_gmt":"2025-02-10T20:15:04","slug":"soledad-invierte-mas-de-20-mdp-anuales-por-el-abandono-del-interapas","status":"publish","type":"post","link":"https:\/\/cronicadesoledad.com\/index.php\/2025\/02\/10\/soledad-invierte-mas-de-20-mdp-anuales-por-el-abandono-del-interapas\/","title":{"rendered":"Soledad invierte m\u00e1s de 20 mdp anuales por el abandono del Interapas"},"content":{"rendered":"\n<p>El municipio de Soledad de Graciano S\u00e1nchez ha destinado m\u00e1s de 20 millones de pesos anuales para cubrir deficiencias en el abastecimiento de agua y mejorar la infraestructura hidr\u00e1ulica, responsabilidades que corresponden al Interapas. El alcalde Juan Manuel Navarro Mu\u00f1iz reconoci\u00f3 que estos gastos no estaban contemplados en el presupuesto.<\/p>\n\n\n\n<p>\u201cEs un gasto que no tendr\u00edamos por qu\u00e9 estar haciendo\u201d, afirm\u00f3 el edil, quien explic\u00f3 que los recursos que se destinan al mantenimiento de pipas y otras medidas para resolver la falta de agua podr\u00edan haberse usado en otros rubros. Para solventar la crisis, se han hecho ajustes presupuestales, aprobados por el Cabildo y el Consejo de Desarrollo Social Municipal, con apoyo del Ramo 33.<\/p>\n\n\n\n<p>Adem\u00e1s, Navarro destac\u00f3 el respaldo del Gobierno del Estado, que adquiri\u00f3 40 pipas para reforzar el abasto de agua en los municipios con mayores carencias. Aunque no especific\u00f3 cu\u00e1nto se destina mensualmente a la renta de pipas, subray\u00f3 que la prioridad es resolver el problema, sin enfocarse en las cifras, y asegur\u00f3 que los estados financieros son revisados peri\u00f3dicamente para garantizar el uso adecuado del presupuesto.<\/p>\n","protected":false},"excerpt":{"rendered":"<p>El municipio de Soledad de Graciano S\u00e1nchez ha destinado m\u00e1s de 20 millones de pesos anuales para cubrir deficiencias en el abastecimiento de agua y mejorar la infraestructura hidr\u00e1ulica, responsabilidades que corresponden al Interapas. El alcalde Juan Manuel Navarro Mu\u00f1iz reconoci\u00f3 que estos gastos no estaban contemplados en el presupuesto. \u201cEs un gasto que no [&hellip;]<\/p>\n","protected":false},"author":1,"featured_media":14971,"comment_status":"open","ping_status":"open","sticky":false,"template":"","format":"standard","meta":{"footnotes":""},"categories":[1,24],"tags":[2412,530,80,2214,294,261,27],"class_list":{"0":"post-14970","1":"post","2":"type-post","3":"status-publish","4":"format-standard","5":"has-post-thumbnail","7":"category-destacadas","8":"category-informacion-general","9":"tag-abandono","10":"tag-agua","11":"tag-interapas","12":"tag-juan-manuel-navaroo-muniz","13":"tag-san-luis","14":"tag-slp","15":"tag-soledad"},"_links":{"self":[{"href":"https:\/\/cronicadesoledad.com\/index.php\/wp-json\/wp\/v2\/posts\/14970","targetHints":{"allow":["GET"]}}],"collection":[{"href":"https:\/\/cronicadesoledad.com\/index.php\/wp-json\/wp\/v2\/posts"}],"about":[{"href":"https:\/\/cronicadesoledad.com\/index.php\/wp-json\/wp\/v2\/types\/post"}],"author":[{"embeddable":true,"href":"https:\/\/cronicadesoledad.com\/index.php\/wp-json\/wp\/v2\/users\/1"}],"replies":[{"embeddable":true,"href":"https:\/\/cronicadesoledad.com\/index.php\/wp-json\/wp\/v2\/comments?post=14970"}],"version-history":[{"count":1,"href":"https:\/\/cronicadesoledad.com\/index.php\/wp-json\/wp\/v2\/posts\/14970\/revisions"}],"predecessor-version":[{"id":14972,"href":"https:\/\/cronicadesoledad.com\/index.php\/wp-json\/wp\/v2\/posts\/14970\/revisions\/14972"}],"wp:featuredmedia":[{"embeddable":true,"href":"https:\/\/cronicadesoledad.com\/index.php\/wp-json\/wp\/v2\/media\/14971"}],"wp:attachment":[{"href":"https:\/\/cronicadesoledad.com\/index.php\/wp-json\/wp\/v2\/media?parent=14970"}],"wp:term":[{"taxonomy":"category","embeddable":true,"href":"https:\/\/cronicadesoledad.com\/index.php\/wp-json\/wp\/v2\/categories?post=14970"},{"taxonomy":"post_tag","embeddable":true,"href":"https:\/\/cronicadesoledad.com\/index.php\/wp-json\/wp\/v2\/tags?post=14970"}],"curies":[{"name":"wp","href":"https:\/\/api.w.org\/{rel}","templated":true}]}}