{"id":14976,"date":"2025-02-10T19:30:00","date_gmt":"2025-02-11T01:30:00","guid":{"rendered":"https:\/\/cronicadesoledad.com\/?p=14976"},"modified":"2025-02-10T18:42:41","modified_gmt":"2025-02-11T00:42:41","slug":"preparan-actividades-por-el-dia-del-amor-y-la-amistad","status":"publish","type":"post","link":"https:\/\/cronicadesoledad.com\/index.php\/2025\/02\/10\/preparan-actividades-por-el-dia-del-amor-y-la-amistad\/","title":{"rendered":"Preparan actividades por el D\u00eda del Amor y la Amistad"},"content":{"rendered":"\n<p>En el marco de las festividades del D\u00eda del Amor y la Amistad, el Ayuntamiento de Soledad de Graciano S\u00e1nchez planea una serie de actividades especiales para el pr\u00f3ximo 14 de febrero, entre estas destaca la actividad a realizar por la Coordinaci\u00f3n de Promoci\u00f3n Ciudadana, al organizar un evento en la Plaza Principal, donde se distribuir\u00e1n art\u00edculos decorativos, dulces y chocolates.<\/p>\n\n\n\n<p>Al respecto, Claudia Teresa Salas Rodr\u00edguez, responsable de Promoci\u00f3n Ciudadana, subray\u00f3 que esta iniciativa sigue las directrices del Alcalde Juan Manuel Navarro Mu\u00f1iz, quien ha enfatizado la importancia de mantener una cercan\u00eda con la ciudadan\u00eda soledense, un principio que ha guiado su administraci\u00f3n desde el inicio.<\/p>\n\n\n\n<p>Detall\u00f3 que como parte de los preparativos que iniciar\u00e1n desde la ma\u00f1ana del pr\u00f3ximo viernes, se realizaron talleres en d\u00edas recientes durante las Ferias de Seguridad y Servicios en diversas colonias del municipio, en los cuales las y los ciudadanos aprendieron a elaborar cajas de regalo especiales, que ser\u00e1n obsequiadas el D\u00eda del Amor y la Amistad.<\/p>\n\n\n\n<p>Entre los art\u00edculos que se regalar\u00e1n, la funcionaria resalt\u00f3 que destacan las cajas en forma de coraz\u00f3n, gorras decoradas con letras, ramos para chocolates y dulces, as\u00ed como peque\u00f1as cajas ideales para relojes, art\u00edculos que se adaptan a los gustos de ni\u00f1as, ni\u00f1os, j\u00f3venes y hasta adultos en la actualidad.<\/p>\n\n\n\n<p>Finalmente, inform\u00f3 que el personal de esta \u00e1rea municipal, ya se encuentra trabajando en los detalles finales de las decoraciones para este d\u00eda tan especial, asegurando un ambiente festivo y acogedor para todas y todos los asistentes.<\/p>\n\n\n\n<p>Invit\u00f3 a toda la ciudadan\u00eda en general a participar en estas actividades con los que el Ayuntamiento reafirma su compromiso con la comunidad, buscando fortalecer los lazos de amistad y amor entre los habitantes del municipio.<\/p>\n","protected":false},"excerpt":{"rendered":"<p>En el marco de las festividades del D\u00eda del Amor y la Amistad, el Ayuntamiento de Soledad de Graciano S\u00e1nchez planea una serie de actividades especiales para el pr\u00f3ximo 14 de febrero, entre estas destaca la actividad a realizar por la Coordinaci\u00f3n de Promoci\u00f3n Ciudadana, al organizar un evento en la Plaza Principal, donde se [&hellip;]<\/p>\n","protected":false},"author":2,"featured_media":14977,"comment_status":"open","ping_status":"open","sticky":false,"template":"","format":"standard","meta":{"footnotes":""},"categories":[24,21],"tags":[1535,223,3361,294,261,27],"class_list":{"0":"post-14976","1":"post","2":"type-post","3":"status-publish","4":"format-standard","5":"has-post-thumbnail","7":"category-informacion-general","8":"category-tu-soledad","9":"tag-14-de-febrero","10":"tag-ayuntamiento-soledense","11":"tag-dia-del-amor-y-la-amistad-2","12":"tag-san-luis","13":"tag-slp","14":"tag-soledad"},"_links":{"self":[{"href":"https:\/\/cronicadesoledad.com\/index.php\/wp-json\/wp\/v2\/posts\/14976","targetHints":{"allow":["GET"]}}],"collection":[{"href":"https:\/\/cronicadesoledad.com\/index.php\/wp-json\/wp\/v2\/posts"}],"about":[{"href":"https:\/\/cronicadesoledad.com\/index.php\/wp-json\/wp\/v2\/types\/post"}],"author":[{"embeddable":true,"href":"https:\/\/cronicadesoledad.com\/index.php\/wp-json\/wp\/v2\/users\/2"}],"replies":[{"embeddable":true,"href":"https:\/\/cronicadesoledad.com\/index.php\/wp-json\/wp\/v2\/comments?post=14976"}],"version-history":[{"count":1,"href":"https:\/\/cronicadesoledad.com\/index.php\/wp-json\/wp\/v2\/posts\/14976\/revisions"}],"predecessor-version":[{"id":14978,"href":"https:\/\/cronicadesoledad.com\/index.php\/wp-json\/wp\/v2\/posts\/14976\/revisions\/14978"}],"wp:featuredmedia":[{"embeddable":true,"href":"https:\/\/cronicadesoledad.com\/index.php\/wp-json\/wp\/v2\/media\/14977"}],"wp:attachment":[{"href":"https:\/\/cronicadesoledad.com\/index.php\/wp-json\/wp\/v2\/media?parent=14976"}],"wp:term":[{"taxonomy":"category","embeddable":true,"href":"https:\/\/cronicadesoledad.com\/index.php\/wp-json\/wp\/v2\/categories?post=14976"},{"taxonomy":"post_tag","embeddable":true,"href":"https:\/\/cronicadesoledad.com\/index.php\/wp-json\/wp\/v2\/tags?post=14976"}],"curies":[{"name":"wp","href":"https:\/\/api.w.org\/{rel}","templated":true}]}}