{"id":15026,"date":"2025-02-12T14:45:45","date_gmt":"2025-02-12T20:45:45","guid":{"rendered":"https:\/\/cronicadesoledad.com\/?p=15026"},"modified":"2025-02-12T14:45:45","modified_gmt":"2025-02-12T20:45:45","slug":"anuncian-creacion-de-nuevos-museos-en-san-luis-potosi-y-soledad","status":"publish","type":"post","link":"https:\/\/cronicadesoledad.com\/index.php\/2025\/02\/12\/anuncian-creacion-de-nuevos-museos-en-san-luis-potosi-y-soledad\/","title":{"rendered":"Anuncian creaci\u00f3n de nuevos museos en San Luis Potos\u00ed y Soledad"},"content":{"rendered":"\n<p>El gobierno de San Luis Potos\u00ed confirm\u00f3 la apertura de dos nuevos museos, uno en la capital y otro en Soledad de Graciano S\u00e1nchez, como parte de una estrategia para fortalecer la oferta cultural del estado.<\/p>\n\n\n\n<p>El secretario de Cultura, Mario Garc\u00eda Valdez, se\u00f1al\u00f3 que estos espacios no solo servir\u00e1n para exhibiciones, sino que tambi\u00e9n ser\u00e1n centros de aprendizaje y encuentro para la comunidad. Se busca que los museos sean accesibles para toda la poblaci\u00f3n, con programas dise\u00f1ados para fomentar el inter\u00e9s por la historia, el arte y la identidad potosina.<\/p>\n\n\n\n<p>Aunque a\u00fan no se han revelado las ubicaciones exactas ni el dise\u00f1o de los recintos, se prev\u00e9 que cuenten con exposiciones permanentes y temporales, actividades interactivas y espacios dedicados a la investigaci\u00f3n y difusi\u00f3n cultural.<\/p>\n\n\n\n<p>En los pr\u00f3ximos meses, el gobierno estatal dar\u00e1 m\u00e1s detalles sobre la construcci\u00f3n, contenido y fecha de apertura de ambos museos, as\u00ed como las iniciativas que se implementar\u00e1n para acercar a m\u00e1s personas al patrimonio hist\u00f3rico y art\u00edstico de la regi\u00f3n.<\/p>\n","protected":false},"excerpt":{"rendered":"<p>El gobierno de San Luis Potos\u00ed confirm\u00f3 la apertura de dos nuevos museos, uno en la capital y otro en Soledad de Graciano S\u00e1nchez, como parte de una estrategia para fortalecer la oferta cultural del estado. El secretario de Cultura, Mario Garc\u00eda Valdez, se\u00f1al\u00f3 que estos espacios no solo servir\u00e1n para exhibiciones, sino que tambi\u00e9n [&hellip;]<\/p>\n","protected":false},"author":1,"featured_media":15027,"comment_status":"open","ping_status":"open","sticky":false,"template":"","format":"standard","meta":{"footnotes":""},"categories":[1,24],"tags":[1710,469,177,294,261,27],"class_list":{"0":"post-15026","1":"post","2":"type-post","3":"status-publish","4":"format-standard","5":"has-post-thumbnail","7":"category-destacadas","8":"category-informacion-general","9":"tag-mario-garcia-valdez","10":"tag-museos","11":"tag-ricardo-gallardo","12":"tag-san-luis","13":"tag-slp","14":"tag-soledad"},"_links":{"self":[{"href":"https:\/\/cronicadesoledad.com\/index.php\/wp-json\/wp\/v2\/posts\/15026","targetHints":{"allow":["GET"]}}],"collection":[{"href":"https:\/\/cronicadesoledad.com\/index.php\/wp-json\/wp\/v2\/posts"}],"about":[{"href":"https:\/\/cronicadesoledad.com\/index.php\/wp-json\/wp\/v2\/types\/post"}],"author":[{"embeddable":true,"href":"https:\/\/cronicadesoledad.com\/index.php\/wp-json\/wp\/v2\/users\/1"}],"replies":[{"embeddable":true,"href":"https:\/\/cronicadesoledad.com\/index.php\/wp-json\/wp\/v2\/comments?post=15026"}],"version-history":[{"count":1,"href":"https:\/\/cronicadesoledad.com\/index.php\/wp-json\/wp\/v2\/posts\/15026\/revisions"}],"predecessor-version":[{"id":15028,"href":"https:\/\/cronicadesoledad.com\/index.php\/wp-json\/wp\/v2\/posts\/15026\/revisions\/15028"}],"wp:featuredmedia":[{"embeddable":true,"href":"https:\/\/cronicadesoledad.com\/index.php\/wp-json\/wp\/v2\/media\/15027"}],"wp:attachment":[{"href":"https:\/\/cronicadesoledad.com\/index.php\/wp-json\/wp\/v2\/media?parent=15026"}],"wp:term":[{"taxonomy":"category","embeddable":true,"href":"https:\/\/cronicadesoledad.com\/index.php\/wp-json\/wp\/v2\/categories?post=15026"},{"taxonomy":"post_tag","embeddable":true,"href":"https:\/\/cronicadesoledad.com\/index.php\/wp-json\/wp\/v2\/tags?post=15026"}],"curies":[{"name":"wp","href":"https:\/\/api.w.org\/{rel}","templated":true}]}}