{"id":15035,"date":"2025-02-12T23:40:55","date_gmt":"2025-02-13T05:40:55","guid":{"rendered":"https:\/\/cronicadesoledad.com\/?p=15035"},"modified":"2025-02-12T23:40:55","modified_gmt":"2025-02-13T05:40:55","slug":"inicia-la-afiliacion-a-morena","status":"publish","type":"post","link":"https:\/\/cronicadesoledad.com\/index.php\/2025\/02\/12\/inicia-la-afiliacion-a-morena\/","title":{"rendered":"Inicia la afiliaci\u00f3n a Morena"},"content":{"rendered":"\n<p>La campa\u00f1a de afiliaci\u00f3n de Morena en San Luis Potos\u00ed ha dado inicio, as\u00ed lo anunci\u00f3 Rita Ozalia Rodr\u00edguez Vel\u00e1zquez, Presidenta del Comit\u00e9 Ejecutivo Estatal, en un evento con militantes, simpatizantes y legisladores federales y locales. Destac\u00f3 la importancia de este proceso para fortalecer la organizaci\u00f3n y consolidar el proyecto de transformaci\u00f3n en la entidad.<\/p>\n\n\n\n<p>\u201cCada nueva incorporaci\u00f3n representa un compromiso con los ideales de nuestro movimiento y nos permite reforzarlo desde la base\u201d, afirm\u00f3, al tiempo que reiter\u00f3 que Morena es un partido-movimiento plural y de puertas abiertas para todas y todos aquellos que deseen sumarse a la construcci\u00f3n de mejores condiciones en el estado y el pa\u00eds.<\/p>\n\n\n\n<p>Durante el evento, tambi\u00e9n particip\u00f3 Mario Alberto Godoy Ramos, secretario de Organizaci\u00f3n, quien explic\u00f3 a detalle el proceso y subray\u00f3 la transparencia y legalidad del mecanismo. Adem\u00e1s, recalc\u00f3 que sumar nuevas voluntades permitir\u00e1 consolidar una estructura s\u00f3lida y fomentar una participaci\u00f3n ciudadana m\u00e1s activa en la vida pol\u00edtica y social.<\/p>\n\n\n\n<p>En el marco de esta jornada, se cont\u00f3 con la presencia de militantes, simpatizantes e integrantes del Comit\u00e9 Ejecutivo Estatal, as\u00ed como de las Diputadas y Diputados Federales Aremy Velazco, Briseyda Garc\u00eda, Francisco Castillo y Gabino Morales. Asimismo, asistieron los legisladores locales: Carlos Arreola, Cuauhtli Badillo, Emilio Rosas, Gabriela L\u00f3pez, Roberto Garc\u00eda y Nancy Jeanine Mart\u00ednez, quienes coincidieron en que Morena es el movimiento que garantizar\u00e1 el bienestar de la ciudadan\u00eda.<\/p>\n\n\n\n<p>Con esta campa\u00f1a, el Partido fortalece su compromiso con la democracia participativa y su convicci\u00f3n de seguir trabajando de la mano del pueblo para fortalecer la transformaci\u00f3n de San Luis Potos\u00ed.<\/p>\n\n\n\n<p>El proceso de afiliaci\u00f3n se llevar\u00e1 a cabo principalmente casa por casa a trav\u00e9s de los integrantes de la Secretar\u00eda de Organizaci\u00f3n.<\/p>\n\n\n\n<p>Adem\u00e1s, quienes deseen sumarse pueden acudir directamente a las instalaciones del partido, ubicadas en Avenida Venustiano Carranza No. 410, Zona Centro, en un horario de 10:00 a 18:00 horas.<\/p>\n","protected":false},"excerpt":{"rendered":"<p>La campa\u00f1a de afiliaci\u00f3n de Morena en San Luis Potos\u00ed ha dado inicio, as\u00ed lo anunci\u00f3 Rita Ozalia Rodr\u00edguez Vel\u00e1zquez, Presidenta del Comit\u00e9 Ejecutivo Estatal, en un evento con militantes, simpatizantes y legisladores federales y locales. Destac\u00f3 la importancia de este proceso para fortalecer la organizaci\u00f3n y consolidar el proyecto de transformaci\u00f3n en la entidad. [&hellip;]<\/p>\n","protected":false},"author":2,"featured_media":15036,"comment_status":"open","ping_status":"open","sticky":false,"template":"","format":"standard","meta":{"footnotes":""},"categories":[1,24],"tags":[3371,2239,294,261],"class_list":{"0":"post-15035","1":"post","2":"type-post","3":"status-publish","4":"format-standard","5":"has-post-thumbnail","7":"category-destacadas","8":"category-informacion-general","9":"tag-afiliacion","10":"tag-morena","11":"tag-san-luis","12":"tag-slp"},"_links":{"self":[{"href":"https:\/\/cronicadesoledad.com\/index.php\/wp-json\/wp\/v2\/posts\/15035","targetHints":{"allow":["GET"]}}],"collection":[{"href":"https:\/\/cronicadesoledad.com\/index.php\/wp-json\/wp\/v2\/posts"}],"about":[{"href":"https:\/\/cronicadesoledad.com\/index.php\/wp-json\/wp\/v2\/types\/post"}],"author":[{"embeddable":true,"href":"https:\/\/cronicadesoledad.com\/index.php\/wp-json\/wp\/v2\/users\/2"}],"replies":[{"embeddable":true,"href":"https:\/\/cronicadesoledad.com\/index.php\/wp-json\/wp\/v2\/comments?post=15035"}],"version-history":[{"count":1,"href":"https:\/\/cronicadesoledad.com\/index.php\/wp-json\/wp\/v2\/posts\/15035\/revisions"}],"predecessor-version":[{"id":15037,"href":"https:\/\/cronicadesoledad.com\/index.php\/wp-json\/wp\/v2\/posts\/15035\/revisions\/15037"}],"wp:featuredmedia":[{"embeddable":true,"href":"https:\/\/cronicadesoledad.com\/index.php\/wp-json\/wp\/v2\/media\/15036"}],"wp:attachment":[{"href":"https:\/\/cronicadesoledad.com\/index.php\/wp-json\/wp\/v2\/media?parent=15035"}],"wp:term":[{"taxonomy":"category","embeddable":true,"href":"https:\/\/cronicadesoledad.com\/index.php\/wp-json\/wp\/v2\/categories?post=15035"},{"taxonomy":"post_tag","embeddable":true,"href":"https:\/\/cronicadesoledad.com\/index.php\/wp-json\/wp\/v2\/tags?post=15035"}],"curies":[{"name":"wp","href":"https:\/\/api.w.org\/{rel}","templated":true}]}}