{"id":15041,"date":"2025-02-12T23:44:47","date_gmt":"2025-02-13T05:44:47","guid":{"rendered":"https:\/\/cronicadesoledad.com\/?p=15041"},"modified":"2025-02-12T23:44:48","modified_gmt":"2025-02-13T05:44:48","slug":"invitan-a-celebrar-dia-del-amor-y-la-amistad-con-actividades-ludicas","status":"publish","type":"post","link":"https:\/\/cronicadesoledad.com\/index.php\/2025\/02\/12\/invitan-a-celebrar-dia-del-amor-y-la-amistad-con-actividades-ludicas\/","title":{"rendered":"Invitan a celebrar D\u00eda del Amor y la Amistad con actividades l\u00fadicas"},"content":{"rendered":"\n<p>Para conmemorar el D\u00eda del Amor y la Amistad, el Ayuntamiento de Soledad de Graciano S\u00e1nchez a trav\u00e9s de diversas \u00c1reas Municipales, prepara una serie de actividades de convivencia social dirigidas a las poblaci\u00f3n en general, entre ellas, destaca la instalaci\u00f3n de una mesa de atenci\u00f3n en la Plaza Principal por la Coordinaci\u00f3n de Participaci\u00f3n Ciudadana, donde se ofrecer\u00e1n diversos servicios enfocados en la salud y el embellecimiento.<\/p>\n\n\n\n<p>Ofelia Ortega Samaniego, responsable de esta \u00e1rea municipal, explic\u00f3 que estas iniciativas buscan acercar la administraci\u00f3n a la poblaci\u00f3n, siguiendo la directriz del Alcalde Juan Manuel Navarro Mu\u00f1iz quien, desde el inicio de su gesti\u00f3n, ha tenido como prioridad mantenerse cercano a la ciudadan\u00eda para brindarles todo lo necesario desde el Gobierno Municipal para que cuenten con una mejor calidad de vida.<\/p>\n\n\n\n<p>La funcionaria detall\u00f3 que entre las actividades programadas se incluyen cortes de cabello, manicura, entrega de medicamentos y toma de presi\u00f3n arterial, servicios que han sido bien recibidos en ocasiones anteriores por las y los soledenses, por lo que se tiene una expectativa alta para este pr\u00f3ximo viernes.<\/p>\n\n\n\n<p>Adem\u00e1s, resalt\u00f3 que se contar\u00e1n algunos arcos decorados donde las y los asistentes podr\u00e1n tomarse fotograf\u00edas, al igual que una mesa repleta de dulces y chocolates, donde se compartir\u00e1n estas delicias t\u00edpicas de la celebraci\u00f3n, as\u00ed como la entrega de flores y globos para las y los presentes.<\/p>\n\n\n\n<p>Por \u00faltimo, inform\u00f3 que estas actividades se llevar\u00e1n a cabo desde las 11 de la ma\u00f1ana hasta aproximadamente las 6 de la tarde, por ello invit\u00f3 a toda la ciudadan\u00eda en general a participar y disfrutar de un rato agradable en esta celebraci\u00f3n, fortaleciendo as\u00ed los lazos de amor y amistad en la comunidad.<\/p>\n","protected":false},"excerpt":{"rendered":"<p>Para conmemorar el D\u00eda del Amor y la Amistad, el Ayuntamiento de Soledad de Graciano S\u00e1nchez a trav\u00e9s de diversas \u00c1reas Municipales, prepara una serie de actividades de convivencia social dirigidas a las poblaci\u00f3n en general, entre ellas, destaca la instalaci\u00f3n de una mesa de atenci\u00f3n en la Plaza Principal por la Coordinaci\u00f3n de Participaci\u00f3n [&hellip;]<\/p>\n","protected":false},"author":2,"featured_media":15042,"comment_status":"open","ping_status":"open","sticky":false,"template":"","format":"standard","meta":{"footnotes":""},"categories":[24,21],"tags":[1535,223,3361,294,261,27],"class_list":{"0":"post-15041","1":"post","2":"type-post","3":"status-publish","4":"format-standard","5":"has-post-thumbnail","7":"category-informacion-general","8":"category-tu-soledad","9":"tag-14-de-febrero","10":"tag-ayuntamiento-soledense","11":"tag-dia-del-amor-y-la-amistad-2","12":"tag-san-luis","13":"tag-slp","14":"tag-soledad"},"_links":{"self":[{"href":"https:\/\/cronicadesoledad.com\/index.php\/wp-json\/wp\/v2\/posts\/15041","targetHints":{"allow":["GET"]}}],"collection":[{"href":"https:\/\/cronicadesoledad.com\/index.php\/wp-json\/wp\/v2\/posts"}],"about":[{"href":"https:\/\/cronicadesoledad.com\/index.php\/wp-json\/wp\/v2\/types\/post"}],"author":[{"embeddable":true,"href":"https:\/\/cronicadesoledad.com\/index.php\/wp-json\/wp\/v2\/users\/2"}],"replies":[{"embeddable":true,"href":"https:\/\/cronicadesoledad.com\/index.php\/wp-json\/wp\/v2\/comments?post=15041"}],"version-history":[{"count":1,"href":"https:\/\/cronicadesoledad.com\/index.php\/wp-json\/wp\/v2\/posts\/15041\/revisions"}],"predecessor-version":[{"id":15043,"href":"https:\/\/cronicadesoledad.com\/index.php\/wp-json\/wp\/v2\/posts\/15041\/revisions\/15043"}],"wp:featuredmedia":[{"embeddable":true,"href":"https:\/\/cronicadesoledad.com\/index.php\/wp-json\/wp\/v2\/media\/15042"}],"wp:attachment":[{"href":"https:\/\/cronicadesoledad.com\/index.php\/wp-json\/wp\/v2\/media?parent=15041"}],"wp:term":[{"taxonomy":"category","embeddable":true,"href":"https:\/\/cronicadesoledad.com\/index.php\/wp-json\/wp\/v2\/categories?post=15041"},{"taxonomy":"post_tag","embeddable":true,"href":"https:\/\/cronicadesoledad.com\/index.php\/wp-json\/wp\/v2\/tags?post=15041"}],"curies":[{"name":"wp","href":"https:\/\/api.w.org\/{rel}","templated":true}]}}