{"id":15044,"date":"2025-02-17T03:30:00","date_gmt":"2025-02-17T09:30:00","guid":{"rendered":"https:\/\/cronicadesoledad.com\/?p=15044"},"modified":"2025-02-17T00:35:34","modified_gmt":"2025-02-17T06:35:34","slug":"concejo-municipal-promueve-600-empleos-para-pocenos","status":"publish","type":"post","link":"https:\/\/cronicadesoledad.com\/index.php\/2025\/02\/17\/concejo-municipal-promueve-600-empleos-para-pocenos\/","title":{"rendered":"Acercan el empleo a la ciudadan\u00eda"},"content":{"rendered":"\n<p>En un esfuerzo por mejorar las oportunidades laborales y acercar el empleo en la regi\u00f3n, el Concejo Municipal de Villa de Pozos, en colaboraci\u00f3n con la Secretar\u00eda de Trabajo y Previsi\u00f3n Social del Gobierno del Estado, realiz\u00f3 con \u00e9xito la Primera Feria del Empleo en la plaza principal del municipio con la participaci\u00f3n de 25 empresas que ofrecieron m\u00e1s 600 vacantes, que brindan la posibilidad de acceder a empleos formales y bien remunerados.<\/p>\n\n\n\n<p>Adem\u00e1s, como parte de la estrategia de empleabilidad, las autoridades locales y estatales inauguraron una oficina de Enlace de la Secretaria del Trabajo, para la b\u00fasqueda de empleo en las instalaciones de la Presidencia Municipal, que funcionar\u00e1 como contacto directo entre las empresas y los ciudadanos que busquen una oportunidad laboral, donde se ofrecer\u00e1 informaci\u00f3n sobre vacantes y procesos de contrataci\u00f3n.<\/p>\n\n\n\n<p>Por primera vez, y con apoyo de gobierno del estado, la localidad y sus ciudadanos fueron tomados en cuenta al acercar las oportunidades laborales a trav\u00e9s de la feria del empleo, este evento es solo el inicio de una serie de iniciativas que buscan contribuir al desarrollo econ\u00f3mico y social del municipio para sacarlo del rezago.<\/p>\n\n\n\n<p>El encargado de despacho de la Secretar\u00eda de Trabajo y Previsi\u00f3n Social, Luis Cervantes Salgado, asegur\u00f3 que este evento marc\u00f3 el inicio de una nueva era en materia de empleabilidad para Villa de Pozos, ya que es un municipio con un gran potencial para atraer inversiones y generar empleos que beneficien a todos sus habitantes.<\/p>\n\n\n\n<p><\/p>\n","protected":false},"excerpt":{"rendered":"<p>En un esfuerzo por mejorar las oportunidades laborales y acercar el empleo en la regi\u00f3n, el Concejo Municipal de Villa de Pozos, en colaboraci\u00f3n con la Secretar\u00eda de Trabajo y Previsi\u00f3n Social del Gobierno del Estado, realiz\u00f3 con \u00e9xito la Primera Feria del Empleo en la plaza principal del municipio con la participaci\u00f3n de 25 [&hellip;]<\/p>\n","protected":false},"author":2,"featured_media":15045,"comment_status":"open","ping_status":"open","sticky":false,"template":"","format":"standard","meta":{"footnotes":""},"categories":[30,1,24],"tags":[2829,1765,294,261,1068],"class_list":{"0":"post-15044","1":"post","2":"type-post","3":"status-publish","4":"format-standard","5":"has-post-thumbnail","7":"category-de-la-region-centro","8":"category-destacadas","9":"category-informacion-general","10":"tag-ayuntamiento-de-villa-de-pozos","11":"tag-empleo","12":"tag-san-luis","13":"tag-slp","14":"tag-villa-de-pozos"},"_links":{"self":[{"href":"https:\/\/cronicadesoledad.com\/index.php\/wp-json\/wp\/v2\/posts\/15044","targetHints":{"allow":["GET"]}}],"collection":[{"href":"https:\/\/cronicadesoledad.com\/index.php\/wp-json\/wp\/v2\/posts"}],"about":[{"href":"https:\/\/cronicadesoledad.com\/index.php\/wp-json\/wp\/v2\/types\/post"}],"author":[{"embeddable":true,"href":"https:\/\/cronicadesoledad.com\/index.php\/wp-json\/wp\/v2\/users\/2"}],"replies":[{"embeddable":true,"href":"https:\/\/cronicadesoledad.com\/index.php\/wp-json\/wp\/v2\/comments?post=15044"}],"version-history":[{"count":2,"href":"https:\/\/cronicadesoledad.com\/index.php\/wp-json\/wp\/v2\/posts\/15044\/revisions"}],"predecessor-version":[{"id":15106,"href":"https:\/\/cronicadesoledad.com\/index.php\/wp-json\/wp\/v2\/posts\/15044\/revisions\/15106"}],"wp:featuredmedia":[{"embeddable":true,"href":"https:\/\/cronicadesoledad.com\/index.php\/wp-json\/wp\/v2\/media\/15045"}],"wp:attachment":[{"href":"https:\/\/cronicadesoledad.com\/index.php\/wp-json\/wp\/v2\/media?parent=15044"}],"wp:term":[{"taxonomy":"category","embeddable":true,"href":"https:\/\/cronicadesoledad.com\/index.php\/wp-json\/wp\/v2\/categories?post=15044"},{"taxonomy":"post_tag","embeddable":true,"href":"https:\/\/cronicadesoledad.com\/index.php\/wp-json\/wp\/v2\/tags?post=15044"}],"curies":[{"name":"wp","href":"https:\/\/api.w.org\/{rel}","templated":true}]}}