{"id":15063,"date":"2025-02-17T03:45:00","date_gmt":"2025-02-17T09:45:00","guid":{"rendered":"https:\/\/cronicadesoledad.com\/?p=15063"},"modified":"2025-02-17T00:38:56","modified_gmt":"2025-02-17T06:38:56","slug":"gobierno-garantiza-derecho-a-la-educacion","status":"publish","type":"post","link":"https:\/\/cronicadesoledad.com\/index.php\/2025\/02\/17\/gobierno-garantiza-derecho-a-la-educacion\/","title":{"rendered":"Gobierno garantiza derecho a la educaci\u00f3n"},"content":{"rendered":"\n<p>Padres de familia y docentes de la escuela primaria \u201cHimno Nacional\u201d y \u201cFrancisco Eppens Helguera\u201d en Soledad de Graciano S\u00e1nchez, celebraron el cumplimiento de compromiso del Alcalde Juan Manuel Navarro Mu\u00f1iz, ante el inicio de la construcci\u00f3n de dos nuevas aulas en su plantel, que ser\u00e1n de gran beneficio para el desarrollo escolar de cientos de estudiantes, debido a que aliviar\u00e1n la falta de espacio que limitaba las inscripciones y permitir\u00e1n mejorar la calidad del ambiente escolar.<\/p>\n\n\n\n<p>Integrantes de la comunidad educativa, revelaron su enorme satisfacci\u00f3n por este proyecto que esperaban con ansias: Mar\u00eda Hortensia Vel\u00e1zquez, madre de familia, expres\u00f3 su agradecimiento al Alcalde, y destac\u00f3 que la falta de espacio hab\u00eda provocado que muchos ni\u00f1os no pudieran ser admitidos en la escuela y tuvieran que ser enviados a planteles m\u00e1s lejanos, lo que representaba una carga econ\u00f3mica y de tiempo para las familias. &#8220;Va a mejorar bastante, si es necesario, porque hab\u00eda mucha demanda de ni\u00f1os, muchos quedaban fuera o ten\u00edan que quedarse en las tardes porque no hab\u00eda lugar en la ma\u00f1ana, agradecemos que el Alcalde est\u00e9 cerca de nuestras necesidades&#8221;, coment\u00f3.<\/p>\n\n\n\n<p>Por su parte, Mar\u00eda Francisca Tello, tambi\u00e9n madre de familia, se\u00f1al\u00f3 que, con la construcci\u00f3n de las nuevas aulas, ser\u00e1 m\u00e1s f\u00e1cil acomodar a los ni\u00f1os que antes quedaban fuera, evitando largos trayectos hacia escuelas m\u00e1s distantes. &#8220;Con estas nuevas aulas es m\u00e1s probable que haya menos ni\u00f1os que se queden sin lugar porque llevarlos a una escuela m\u00e1s lejana implica traslados m\u00e1s largos, gastar en transporte, yo le agradezco al Alcalde nos haya querido ayudar&#8221;, manifest\u00f3.<\/p>\n\n\n\n<p>Docentes de la escuela tambi\u00e9n festejan esta obra, Mar\u00eda de los \u00c1ngeles P\u00e9rez, maestra en el plantel, destac\u00f3 la importancia de contar con m\u00e1s aulas para recibir a m\u00e1s alumnos y mejorar el ambiente escolar. &#8220;Es un gobierno que est\u00e1 preocupado por la educaci\u00f3n de la juventud, tener m\u00e1s aulas es muy bueno porque est\u00e1bamos careciendo de ellas y agradecemos mucho al Alcalde por su apoyo&#8221;, coment\u00f3.<\/p>\n\n\n\n<p>Eric Dariel Aguilar Quintero, tambi\u00e9n maestro de la instituci\u00f3n, destac\u00f3 la puesta en marcha de la obra, ya que la escuela hab\u00eda estado operando con aulas de tama\u00f1o reducido y sin la ventilaci\u00f3n adecuada, lo que dificultaba el trabajo educativo. &#8220;Las nuevas aulas permitir\u00e1n un mejor desarrollo de las actividades pedag\u00f3gicas y la implementaci\u00f3n del nuevo modelo educativo&#8221;, se\u00f1al\u00f3.<\/p>\n\n\n\n<p>Este proyecto demuestra el compromiso del Gobierno municipal por mejorar la infraestructura educativa y garantizar que m\u00e1s ni\u00f1os de Soledad de Graciano S\u00e1nchez puedan acceder a una educaci\u00f3n de calidad; la construcci\u00f3n de estas dos nuevas aulas representa una mejora significativa para la escuela primaria \u201cNi\u00f1os H\u00e9roes\u201d, y la comunidad educativa se muestra optimista de que esta obra sea solo el inicio de m\u00e1s avances en la mejora de las condiciones educativas en el municipio.<\/p>\n","protected":false},"excerpt":{"rendered":"<p>Padres de familia y docentes de la escuela primaria \u201cHimno Nacional\u201d y \u201cFrancisco Eppens Helguera\u201d en Soledad de Graciano S\u00e1nchez, celebraron el cumplimiento de compromiso del Alcalde Juan Manuel Navarro Mu\u00f1iz, ante el inicio de la construcci\u00f3n de dos nuevas aulas en su plantel, que ser\u00e1n de gran beneficio para el desarrollo escolar de cientos [&hellip;]<\/p>\n","protected":false},"author":2,"featured_media":15064,"comment_status":"open","ping_status":"open","sticky":false,"template":"","format":"standard","meta":{"footnotes":""},"categories":[1,24,21],"tags":[1968,223,1888,1967,294,261,27],"class_list":{"0":"post-15063","1":"post","2":"type-post","3":"status-publish","4":"format-standard","5":"has-post-thumbnail","7":"category-destacadas","8":"category-informacion-general","9":"category-tu-soledad","10":"tag-alcalde","11":"tag-ayuntamiento-soledense","12":"tag-educacion-2","13":"tag-juan-manuel-navarro","14":"tag-san-luis","15":"tag-slp","16":"tag-soledad"},"_links":{"self":[{"href":"https:\/\/cronicadesoledad.com\/index.php\/wp-json\/wp\/v2\/posts\/15063","targetHints":{"allow":["GET"]}}],"collection":[{"href":"https:\/\/cronicadesoledad.com\/index.php\/wp-json\/wp\/v2\/posts"}],"about":[{"href":"https:\/\/cronicadesoledad.com\/index.php\/wp-json\/wp\/v2\/types\/post"}],"author":[{"embeddable":true,"href":"https:\/\/cronicadesoledad.com\/index.php\/wp-json\/wp\/v2\/users\/2"}],"replies":[{"embeddable":true,"href":"https:\/\/cronicadesoledad.com\/index.php\/wp-json\/wp\/v2\/comments?post=15063"}],"version-history":[{"count":1,"href":"https:\/\/cronicadesoledad.com\/index.php\/wp-json\/wp\/v2\/posts\/15063\/revisions"}],"predecessor-version":[{"id":15065,"href":"https:\/\/cronicadesoledad.com\/index.php\/wp-json\/wp\/v2\/posts\/15063\/revisions\/15065"}],"wp:featuredmedia":[{"embeddable":true,"href":"https:\/\/cronicadesoledad.com\/index.php\/wp-json\/wp\/v2\/media\/15064"}],"wp:attachment":[{"href":"https:\/\/cronicadesoledad.com\/index.php\/wp-json\/wp\/v2\/media?parent=15063"}],"wp:term":[{"taxonomy":"category","embeddable":true,"href":"https:\/\/cronicadesoledad.com\/index.php\/wp-json\/wp\/v2\/categories?post=15063"},{"taxonomy":"post_tag","embeddable":true,"href":"https:\/\/cronicadesoledad.com\/index.php\/wp-json\/wp\/v2\/tags?post=15063"}],"curies":[{"name":"wp","href":"https:\/\/api.w.org\/{rel}","templated":true}]}}