{"id":15072,"date":"2025-02-14T13:11:16","date_gmt":"2025-02-14T19:11:16","guid":{"rendered":"https:\/\/cronicadesoledad.com\/?p=15072"},"modified":"2025-02-14T13:11:17","modified_gmt":"2025-02-14T19:11:17","slug":"fiscalia-da-detalles-sobre-la-muerte-de-dominic-en-soledad","status":"publish","type":"post","link":"https:\/\/cronicadesoledad.com\/index.php\/2025\/02\/14\/fiscalia-da-detalles-sobre-la-muerte-de-dominic-en-soledad\/","title":{"rendered":"Fiscal\u00eda da detalles sobre la muerte de Dominic en Soledad"},"content":{"rendered":"\n<p>La investigaci\u00f3n sobre la muerte de Dominic, un ni\u00f1o fallecido en Soledad de Graciano S\u00e1nchez, ha tomado un giro luego de que la Fiscal\u00eda General del Estado de San Luis Potos\u00ed (FGESLP) descartara la versi\u00f3n inicial del caso.<\/p>\n\n\n\n<p>En un principio, se report\u00f3 que el menor hab\u00eda sido atacado en la v\u00eda p\u00fablica por disparos desde un veh\u00edculo estacionado. Sin embargo, videos obtenidos por la Fiscal\u00eda indican que el disparo ocurri\u00f3 dentro de un domicilio y que otro menor de edad podr\u00eda estar involucrado.<\/p>\n\n\n\n<p>La fiscal Manuela Garc\u00eda C\u00e1zares explic\u00f3 que, debido a la edad de los implicados, el caso se maneja con especial reserva. Mientras tanto, la familia de la v\u00edctima ha manifestado su descontento ante la falta de avances en la investigaci\u00f3n y teme que no se haga justicia.<\/p>\n\n\n\n<p>El padre del menor fallecido expres\u00f3 su preocupaci\u00f3n por las leyes que regulan la responsabilidad penal de los adolescentes y afirm\u00f3 sentirse en riesgo. Aunque la Fiscal\u00eda cuenta con peritajes que confirman lo ocurrido, la familia considera que las autoridades no han actuado con la rapidez necesaria.<\/p>\n\n\n\n<p>La investigaci\u00f3n sigue en desarrollo y las autoridades deber\u00e1n determinar los pasos a seguir dentro del marco legal vigente.<\/p>\n","protected":false},"excerpt":{"rendered":"<p>La investigaci\u00f3n sobre la muerte de Dominic, un ni\u00f1o fallecido en Soledad de Graciano S\u00e1nchez, ha tomado un giro luego de que la Fiscal\u00eda General del Estado de San Luis Potos\u00ed (FGESLP) descartara la versi\u00f3n inicial del caso. En un principio, se report\u00f3 que el menor hab\u00eda sido atacado en la v\u00eda p\u00fablica por disparos [&hellip;]<\/p>\n","protected":false},"author":1,"featured_media":15073,"comment_status":"open","ping_status":"open","sticky":false,"template":"","format":"standard","meta":{"footnotes":""},"categories":[1,24],"tags":[3382,3376,473,294,261,27],"class_list":{"0":"post-15072","1":"post","2":"type-post","3":"status-publish","4":"format-standard","5":"has-post-thumbnail","7":"category-destacadas","8":"category-informacion-general","9":"tag-asesinado","10":"tag-dominic","11":"tag-fgeslp","12":"tag-san-luis","13":"tag-slp","14":"tag-soledad"},"_links":{"self":[{"href":"https:\/\/cronicadesoledad.com\/index.php\/wp-json\/wp\/v2\/posts\/15072","targetHints":{"allow":["GET"]}}],"collection":[{"href":"https:\/\/cronicadesoledad.com\/index.php\/wp-json\/wp\/v2\/posts"}],"about":[{"href":"https:\/\/cronicadesoledad.com\/index.php\/wp-json\/wp\/v2\/types\/post"}],"author":[{"embeddable":true,"href":"https:\/\/cronicadesoledad.com\/index.php\/wp-json\/wp\/v2\/users\/1"}],"replies":[{"embeddable":true,"href":"https:\/\/cronicadesoledad.com\/index.php\/wp-json\/wp\/v2\/comments?post=15072"}],"version-history":[{"count":1,"href":"https:\/\/cronicadesoledad.com\/index.php\/wp-json\/wp\/v2\/posts\/15072\/revisions"}],"predecessor-version":[{"id":15074,"href":"https:\/\/cronicadesoledad.com\/index.php\/wp-json\/wp\/v2\/posts\/15072\/revisions\/15074"}],"wp:featuredmedia":[{"embeddable":true,"href":"https:\/\/cronicadesoledad.com\/index.php\/wp-json\/wp\/v2\/media\/15073"}],"wp:attachment":[{"href":"https:\/\/cronicadesoledad.com\/index.php\/wp-json\/wp\/v2\/media?parent=15072"}],"wp:term":[{"taxonomy":"category","embeddable":true,"href":"https:\/\/cronicadesoledad.com\/index.php\/wp-json\/wp\/v2\/categories?post=15072"},{"taxonomy":"post_tag","embeddable":true,"href":"https:\/\/cronicadesoledad.com\/index.php\/wp-json\/wp\/v2\/tags?post=15072"}],"curies":[{"name":"wp","href":"https:\/\/api.w.org\/{rel}","templated":true}]}}