{"id":15081,"date":"2025-02-14T12:00:00","date_gmt":"2025-02-14T18:00:00","guid":{"rendered":"https:\/\/cronicadesoledad.com\/?p=15081"},"modified":"2025-02-14T22:45:39","modified_gmt":"2025-02-15T04:45:39","slug":"fortalecen-la-economia-local-en-el-marco-del-14-de-febrero","status":"publish","type":"post","link":"https:\/\/cronicadesoledad.com\/index.php\/2025\/02\/14\/fortalecen-la-economia-local-en-el-marco-del-14-de-febrero\/","title":{"rendered":"Fortalecen la econom\u00eda local en el marco del 14 de febrero"},"content":{"rendered":"\n<p>Para promover la participaci\u00f3n ciudadana, el fortalecimiento del emprendedurismo y la econom\u00eda local, el Ayuntamiento de Soledad de Graciano S\u00e1nchez otorg\u00f3 alrededor de 250 permisos temporales a comerciantes establecidos y ambulantes, en el marco del D\u00eda del Amor y la Amistad, con el fin de ofertar art\u00edculos alusivos a esta fecha, confirm\u00f3 Patricia Cuevas Ovalle, titular de Comercio municipal.<\/p>\n\n\n\n<p>La funcionaria indic\u00f3 que atendiendo la indicaci\u00f3n del Alcalde, Juan Manuel Navarro Mu\u00f1iz, se atendieron cada una de las solicitudes de las y los vendedores, quienes este a\u00f1o superaron en cantidad y se mostraron entusiasmos por participar en este tradicional festividad que permite fortalecer su actividad econ\u00f3mica para el sustento de sus familias.<\/p>\n\n\n\n<p>Indic\u00f3 que desde el d\u00eda de ayer y hasta el pr\u00f3ximo 16 de febrero, m\u00e1s y los oferentes podr\u00e1n impulsar la venta de sus productos, entre los que destacan todo tipo de manualidades, flores naturales, chocolates, ropa, cristaler\u00eda, entre otros. &#8220;Estar\u00e1n instalados todo el fin de semana, vendiendo su productos que son de temporada; este a\u00f1o, se les facilit\u00f3 la ampliaci\u00f3n del permiso debido a su solicitud, pues muchas personas aprovechan este fin para seguir celebrando est\u00e1 fecha&#8221;, a\u00f1adi\u00f3.<\/p>\n\n\n\n<p>Detall\u00f3 que las y los comerciantes estar\u00e1n distribuidos en diversas colonias del municipio, incluyendo la Cabecera municipal, entre \u00e9stas: El Polvor\u00edn, El Morro, Quintas de la Hacienda, Cactus, San Felipe, San Jos\u00e9 del Barro, Santo Tom\u00e1s, Pav\u00f3n y sus avenidas principales. &#8220;Este a\u00f1o, fue mucha la participaci\u00f3n comercial, por ello estaremos en operativo de vigilancia constante en todas estas zonas del municipio, para asegurar el orden y el cumplimiento del reglamento municipal en cada local y puesto con esta tem\u00e1tica&#8221;, dijo Cuevas Ovalle.<\/p>\n\n\n\n<p>Puntualiz\u00f3 que, en el caso del comercio establecido, la autorizaci\u00f3n otorgada exige que \u00fanicamente estos d\u00edas puedan usar parte de la v\u00eda p\u00fablica, sin obstrucciones al paso peatonal y vehicular; ofertar el giro de la festividad.<\/p>\n","protected":false},"excerpt":{"rendered":"<p>Para promover la participaci\u00f3n ciudadana, el fortalecimiento del emprendedurismo y la econom\u00eda local, el Ayuntamiento de Soledad de Graciano S\u00e1nchez otorg\u00f3 alrededor de 250 permisos temporales a comerciantes establecidos y ambulantes, en el marco del D\u00eda del Amor y la Amistad, con el fin de ofertar art\u00edculos alusivos a esta fecha, confirm\u00f3 Patricia Cuevas Ovalle, [&hellip;]<\/p>\n","protected":false},"author":2,"featured_media":15082,"comment_status":"open","ping_status":"open","sticky":false,"template":"","format":"standard","meta":{"footnotes":""},"categories":[1,24,21],"tags":[1535,223,3383,3361,294,261,27],"class_list":{"0":"post-15081","1":"post","2":"type-post","3":"status-publish","4":"format-standard","5":"has-post-thumbnail","7":"category-destacadas","8":"category-informacion-general","9":"category-tu-soledad","10":"tag-14-de-febrero","11":"tag-ayuntamiento-soledense","12":"tag-dia-de-san-valentin-2","13":"tag-dia-del-amor-y-la-amistad-2","14":"tag-san-luis","15":"tag-slp","16":"tag-soledad"},"_links":{"self":[{"href":"https:\/\/cronicadesoledad.com\/index.php\/wp-json\/wp\/v2\/posts\/15081","targetHints":{"allow":["GET"]}}],"collection":[{"href":"https:\/\/cronicadesoledad.com\/index.php\/wp-json\/wp\/v2\/posts"}],"about":[{"href":"https:\/\/cronicadesoledad.com\/index.php\/wp-json\/wp\/v2\/types\/post"}],"author":[{"embeddable":true,"href":"https:\/\/cronicadesoledad.com\/index.php\/wp-json\/wp\/v2\/users\/2"}],"replies":[{"embeddable":true,"href":"https:\/\/cronicadesoledad.com\/index.php\/wp-json\/wp\/v2\/comments?post=15081"}],"version-history":[{"count":1,"href":"https:\/\/cronicadesoledad.com\/index.php\/wp-json\/wp\/v2\/posts\/15081\/revisions"}],"predecessor-version":[{"id":15083,"href":"https:\/\/cronicadesoledad.com\/index.php\/wp-json\/wp\/v2\/posts\/15081\/revisions\/15083"}],"wp:featuredmedia":[{"embeddable":true,"href":"https:\/\/cronicadesoledad.com\/index.php\/wp-json\/wp\/v2\/media\/15082"}],"wp:attachment":[{"href":"https:\/\/cronicadesoledad.com\/index.php\/wp-json\/wp\/v2\/media?parent=15081"}],"wp:term":[{"taxonomy":"category","embeddable":true,"href":"https:\/\/cronicadesoledad.com\/index.php\/wp-json\/wp\/v2\/categories?post=15081"},{"taxonomy":"post_tag","embeddable":true,"href":"https:\/\/cronicadesoledad.com\/index.php\/wp-json\/wp\/v2\/tags?post=15081"}],"curies":[{"name":"wp","href":"https:\/\/api.w.org\/{rel}","templated":true}]}}