{"id":15085,"date":"2025-02-14T14:30:00","date_gmt":"2025-02-14T20:30:00","guid":{"rendered":"https:\/\/cronicadesoledad.com\/?p=15085"},"modified":"2025-02-14T22:49:31","modified_gmt":"2025-02-15T04:49:31","slug":"proximo-25-de-febrero-feria-del-empleo","status":"publish","type":"post","link":"https:\/\/cronicadesoledad.com\/index.php\/2025\/02\/14\/proximo-25-de-febrero-feria-del-empleo\/","title":{"rendered":"Pr\u00f3ximo 25 de febrero, Feria del Empleo"},"content":{"rendered":"\n<p>Para incrementar la oferta laboral en Soledad de Graciano S\u00e1nchez en favor de sus habitantes, permitiendo contar con mejores oportunidades de calidad de vida para sus familias, el Gobierno Municipal alista la primera Feria del Empleo de esta administraci\u00f3n, en la que se promocionar\u00e1n cientos de vacantes de 25 empresas diversas.<\/p>\n\n\n\n<p>El titular de Desarrollo Econ\u00f3mico, H\u00e9ctor Andrade Ovalle afirm\u00f3 que esta Feria marca el plan de bienestar del Alcalde, Juan Manuel Navarro Mu\u00f1iz, quien de manera cercana impulsa que en Soledad haya ofertas de empleo dignas, bien remuneradas y con todas las formalidades y prestaciones de ley, con el fin de que se garantice un progreso integral y crecimiento profesional de las y los beneficiados.<\/p>\n\n\n\n<p>Inform\u00f3 que esta Feria del Empleo 2025 se llevar\u00e1 a cabo el pr\u00f3ximo 25 de febrero en el Teatro y Centro Cultural &#8220;Doroteo Arango&#8221; en un horario de 8:00 a 14:00 horas. Destacando que esta esta es un esfuerzo integral para conectar a la poblaci\u00f3n con empleos en sectores como el industrial, automotriz, restaurantero, de servicios y comercio.<\/p>\n\n\n\n<p>\u201cUno de los principales objetivos de esta administraci\u00f3n es fomentar el empleo y brindar opciones laborales dignas para j\u00f3venes, adultos mayores, mujeres y personas con discapacidad, queremos que la gente tenga acceso a mejores oportunidades de trabajo y estabilidad econ\u00f3mica\u201d, afirm\u00f3.<\/p>\n\n\n\n<p>El evento contar\u00e1 con la participaci\u00f3n de alrededor de 25 empresas locales, nacionales y transnacionales, as\u00ed como c\u00e1maras empresariales y asociaciones que ofertar\u00e1n vacantes con condiciones laborales \u00f3ptimas; adem\u00e1s, se instalar\u00e1 un m\u00f3dulo de empleabilidad dirigido a paisanos con casos de deportaci\u00f3n reciente, con el fin de apoyarlos en su reinserci\u00f3n laboral.<\/p>\n\n\n\n<p>Como parte del compromiso del Ayuntamiento con la capacitaci\u00f3n y el crecimiento profesional, la Feria tambi\u00e9n ofrecer\u00e1 cursos impartidos por el ICAT, CONALEP y CECATI 59, en \u00e1reas como manejo de Excel, trabajo en alturas y operaci\u00f3n de montacargas, entre otros.<\/p>\n\n\n\n<p>Para garantizar la accesibilidad de la poblaci\u00f3n, el Gobierno municipal habilitar\u00e1 transporte gratuito desde la Plaza Principal hasta el Centro Cultural &#8220;Doroteo Arango&#8221;, a fin de facilitar la asistencia de quienes buscan nuevas oportunidades laborales.<\/p>\n\n\n\n<p>El Ayuntamiento de Soledad de Graciano S\u00e1nchez reitera la invitaci\u00f3n a todas las personas interesadas en obtener un empleo con mejores condiciones y estabilidad a asistir a esta feria, reafirmando su compromiso con el bienestar y desarrollo de las familias soledenses.<\/p>\n","protected":false},"excerpt":{"rendered":"<p>Para incrementar la oferta laboral en Soledad de Graciano S\u00e1nchez en favor de sus habitantes, permitiendo contar con mejores oportunidades de calidad de vida para sus familias, el Gobierno Municipal alista la primera Feria del Empleo de esta administraci\u00f3n, en la que se promocionar\u00e1n cientos de vacantes de 25 empresas diversas. El titular de Desarrollo [&hellip;]<\/p>\n","protected":false},"author":2,"featured_media":15086,"comment_status":"open","ping_status":"open","sticky":false,"template":"","format":"standard","meta":{"footnotes":""},"categories":[1,24,21],"tags":[223,120,294,261,27],"class_list":{"0":"post-15085","1":"post","2":"type-post","3":"status-publish","4":"format-standard","5":"has-post-thumbnail","7":"category-destacadas","8":"category-informacion-general","9":"category-tu-soledad","10":"tag-ayuntamiento-soledense","11":"tag-feria-del-empleo","12":"tag-san-luis","13":"tag-slp","14":"tag-soledad"},"_links":{"self":[{"href":"https:\/\/cronicadesoledad.com\/index.php\/wp-json\/wp\/v2\/posts\/15085","targetHints":{"allow":["GET"]}}],"collection":[{"href":"https:\/\/cronicadesoledad.com\/index.php\/wp-json\/wp\/v2\/posts"}],"about":[{"href":"https:\/\/cronicadesoledad.com\/index.php\/wp-json\/wp\/v2\/types\/post"}],"author":[{"embeddable":true,"href":"https:\/\/cronicadesoledad.com\/index.php\/wp-json\/wp\/v2\/users\/2"}],"replies":[{"embeddable":true,"href":"https:\/\/cronicadesoledad.com\/index.php\/wp-json\/wp\/v2\/comments?post=15085"}],"version-history":[{"count":1,"href":"https:\/\/cronicadesoledad.com\/index.php\/wp-json\/wp\/v2\/posts\/15085\/revisions"}],"predecessor-version":[{"id":15087,"href":"https:\/\/cronicadesoledad.com\/index.php\/wp-json\/wp\/v2\/posts\/15085\/revisions\/15087"}],"wp:featuredmedia":[{"embeddable":true,"href":"https:\/\/cronicadesoledad.com\/index.php\/wp-json\/wp\/v2\/media\/15086"}],"wp:attachment":[{"href":"https:\/\/cronicadesoledad.com\/index.php\/wp-json\/wp\/v2\/media?parent=15085"}],"wp:term":[{"taxonomy":"category","embeddable":true,"href":"https:\/\/cronicadesoledad.com\/index.php\/wp-json\/wp\/v2\/categories?post=15085"},{"taxonomy":"post_tag","embeddable":true,"href":"https:\/\/cronicadesoledad.com\/index.php\/wp-json\/wp\/v2\/tags?post=15085"}],"curies":[{"name":"wp","href":"https:\/\/api.w.org\/{rel}","templated":true}]}}