{"id":15088,"date":"2025-02-14T16:45:00","date_gmt":"2025-02-14T22:45:00","guid":{"rendered":"https:\/\/cronicadesoledad.com\/?p=15088"},"modified":"2025-02-14T22:53:23","modified_gmt":"2025-02-15T04:53:23","slug":"alcalde-navarro-encabeza-celebracion-de-150-matrimonios","status":"publish","type":"post","link":"https:\/\/cronicadesoledad.com\/index.php\/2025\/02\/14\/alcalde-navarro-encabeza-celebracion-de-150-matrimonios\/","title":{"rendered":"Alcalde Navarro encabeza celebraci\u00f3n de 150 matrimonios"},"content":{"rendered":"\n<p>El amor estuvo en el aire este 14 de febrero, D\u00eda de San Valent\u00edn, en el municipio de Soledad de Graciano S\u00e1nchez, donde 150 parejas unieron sus vidas en la ceremonia de Matrimonios Colectivos 2025, un evento lleno de emoci\u00f3n y significado, presidido por el Alcalde, Juan Manuel Navarro Mu\u00f1iz, y en el que, con miradas llenas de ilusi\u00f3n, las y los contrayentes se dieron el &#8220;s\u00ed&#8221;, demostrando que el amor no conoce barreras ni condiciones.<\/p>\n\n\n\n<p>Con el compromiso de fortalecer los lazos familiares y brindar certeza jur\u00eddica a las parejas soledenses, el Alcalde Navarro Mu\u00f1iz llev\u00f3 a cabo la uni\u00f3n legal de m\u00e1s de estas parejas, incluyendo tres igualitarias, en un evento solemne y una celebraci\u00f3n que incluy\u00f3 a las familias de las y los novio.<\/p>\n\n\n\n<p>En su mensaje, el Alcalde record\u00f3 que Soledad de Graciano S\u00e1nchez ha sido pionero en la realizaci\u00f3n de matrimonios gratuitos, una iniciativa que ha tenido gran impacto a lo largo de diversas administraciones. &#8220;Hoy es un d\u00eda especial en el que ustedes inician una nueva etapa en sus vidas, que su compromiso y confianza sean los cimientos de una uni\u00f3n fuerte y duradera, les deseo un matrimonio lleno de amor y felicidad&#8221;, les expres\u00f3.<\/p>\n\n\n\n<p>La Presidenta del DIF Municipal, Mar\u00eda del Pilar Cardona Reyna felicit\u00f3 a las y los contrayentes y les dese\u00f3 un matrimonio lleno de amor y respeto, destacando que esta uni\u00f3n simboliza un acto de afecto y protecci\u00f3n mutua. Agreg\u00f3 que el Ayuntamiento es un firme aliado del bienestar de las familias, por ello, reafirm\u00f3 acciones y m\u00e1s programas para su protecci\u00f3n.<\/p>\n\n\n\n<p>Por su parte, la directora del DIF Estatal, Virginia Z\u00fa\u00f1iga Maldonado resalt\u00f3 que este programa, impulsado hace cuatro a\u00f1os por el Gobernador Ricardo Gallardo Cardona y la ahora Senadora, Ruth Gonz\u00e1lez Silva, ha permitido a miles de parejas en el Estado legalizar su uni\u00f3n sin costo alguno.<\/p>\n\n\n\n<p>Un momento emocionante, fue cuando cada pareja sell\u00f3 su compromiso con la certeza de contar con los derechos y obligaciones que otorga el matrimonio civil; durante el acto, destac\u00f3 la importancia del respeto, la fidelidad y la comunicaci\u00f3n como pilares fundamentales de una vida en pareja armoniosa y duradera.<\/p>\n\n\n\n<p>La ceremonia estuvo llena de agradables momentos, desde los votos hasta el intercambio de miradas llenas de amor y compromiso; adem\u00e1s como un gesto simb\u00f3lico de apoyo a los nuevos matrimonios, el Presidente Municipal realiz\u00f3 la rifa de cinco refrigeradores, para brindar a los reci\u00e9n casados un obsequio especial para comenzar esta nueva etapa con alegr\u00eda y entusiasmo.<\/p>\n\n\n\n<p>La ceremonia cont\u00f3 con la presencia tambi\u00e9n de distinguidas autoridades, entre ellas: las y los titulares de las siete Oficial\u00edas del Registro Civil de Soledad: Juana Mar\u00eda Morquecho Medina, Ma. Alicia S\u00e1nchez Mora, Artemisa Mora Garc\u00eda, Ma. Isabel Navarrete P\u00e9rez, Carlos Alberto de la Cruz Mac\u00edas, Dolores Herminia Ju\u00e1rez Herrera y Araceli Mart\u00ednez P\u00e9rez, con quienes en esta emotiva fecha se reafirm\u00f3 el compromiso del Gobierno municipal de Soledad de Graciano S\u00e1nchez con el bienestar y la estabilidad de las familias, adem\u00e1s de promover valores de unidad y certeza jur\u00eddica para todos.<\/p>\n","protected":false},"excerpt":{"rendered":"<p>El amor estuvo en el aire este 14 de febrero, D\u00eda de San Valent\u00edn, en el municipio de Soledad de Graciano S\u00e1nchez, donde 150 parejas unieron sus vidas en la ceremonia de Matrimonios Colectivos 2025, un evento lleno de emoci\u00f3n y significado, presidido por el Alcalde, Juan Manuel Navarro Mu\u00f1iz, y en el que, con [&hellip;]<\/p>\n","protected":false},"author":2,"featured_media":15089,"comment_status":"open","ping_status":"open","sticky":false,"template":"","format":"standard","meta":{"footnotes":""},"categories":[1,24,21],"tags":[1535,1968,223,3383,3361,1967,1570,294,261,27],"class_list":{"0":"post-15088","1":"post","2":"type-post","3":"status-publish","4":"format-standard","5":"has-post-thumbnail","7":"category-destacadas","8":"category-informacion-general","9":"category-tu-soledad","10":"tag-14-de-febrero","11":"tag-alcalde","12":"tag-ayuntamiento-soledense","13":"tag-dia-de-san-valentin-2","14":"tag-dia-del-amor-y-la-amistad-2","15":"tag-juan-manuel-navarro","16":"tag-matrimonios-colectivos","17":"tag-san-luis","18":"tag-slp","19":"tag-soledad"},"_links":{"self":[{"href":"https:\/\/cronicadesoledad.com\/index.php\/wp-json\/wp\/v2\/posts\/15088","targetHints":{"allow":["GET"]}}],"collection":[{"href":"https:\/\/cronicadesoledad.com\/index.php\/wp-json\/wp\/v2\/posts"}],"about":[{"href":"https:\/\/cronicadesoledad.com\/index.php\/wp-json\/wp\/v2\/types\/post"}],"author":[{"embeddable":true,"href":"https:\/\/cronicadesoledad.com\/index.php\/wp-json\/wp\/v2\/users\/2"}],"replies":[{"embeddable":true,"href":"https:\/\/cronicadesoledad.com\/index.php\/wp-json\/wp\/v2\/comments?post=15088"}],"version-history":[{"count":1,"href":"https:\/\/cronicadesoledad.com\/index.php\/wp-json\/wp\/v2\/posts\/15088\/revisions"}],"predecessor-version":[{"id":15090,"href":"https:\/\/cronicadesoledad.com\/index.php\/wp-json\/wp\/v2\/posts\/15088\/revisions\/15090"}],"wp:featuredmedia":[{"embeddable":true,"href":"https:\/\/cronicadesoledad.com\/index.php\/wp-json\/wp\/v2\/media\/15089"}],"wp:attachment":[{"href":"https:\/\/cronicadesoledad.com\/index.php\/wp-json\/wp\/v2\/media?parent=15088"}],"wp:term":[{"taxonomy":"category","embeddable":true,"href":"https:\/\/cronicadesoledad.com\/index.php\/wp-json\/wp\/v2\/categories?post=15088"},{"taxonomy":"post_tag","embeddable":true,"href":"https:\/\/cronicadesoledad.com\/index.php\/wp-json\/wp\/v2\/tags?post=15088"}],"curies":[{"name":"wp","href":"https:\/\/api.w.org\/{rel}","templated":true}]}}