{"id":15091,"date":"2025-02-14T17:00:00","date_gmt":"2025-02-14T23:00:00","guid":{"rendered":"https:\/\/cronicadesoledad.com\/?p=15091"},"modified":"2025-02-14T22:56:47","modified_gmt":"2025-02-15T04:56:47","slug":"soledad-atestiguo-grandes-historias-de-amor-en-san-valentin","status":"publish","type":"post","link":"https:\/\/cronicadesoledad.com\/index.php\/2025\/02\/14\/soledad-atestiguo-grandes-historias-de-amor-en-san-valentin\/","title":{"rendered":"Soledad atestigu\u00f3 grandes historias de amor, en San Valent\u00edn"},"content":{"rendered":"\n<p>Este viernes 14 de febrero, D\u00eda del Amor y la Amistad, el municipio de Soledad de Graciano S\u00e1nchez atestigu\u00f3 diversas historias de amor que culminaron en el programa Matrimonios Colectivos 2025, evento impulsado por el Alcalde, Juan Manuel Navarro Mu\u00f1iz.<\/p>\n\n\n\n<p>Entre los 150 relatos de vida en este d\u00eda, destaca la de V\u00edctor Manuel de 68 a\u00f1os de edad y Alma Ang\u00e9lica P\u00e9rez de 67, ambos vecinos de la colonia Quintas de la Hacienda. Se conocieron hace cuatro a\u00f1os mientras esperaban el transporte p\u00fablico y, tras una amistad que floreci\u00f3 en conversaciones, decidieron formalizar su relaci\u00f3n en este evento especial. &#8220;El convivio organizado por el alcalde fue maravilloso&#8221;, expresaron con emoci\u00f3n.<\/p>\n\n\n\n<p>Otra pareja que conmovi\u00f3 a las y los presentes fue la formada por Edwin Villamil, de nacionalidad colombiana, y Paulina Ruedas, originaria de Soledad, con una historia de amor que comenz\u00f3 en su lugar de trabajo hace cuatro a\u00f1os. LA pareja subray\u00f3 el apoyo de las autoridades municipales en la gesti\u00f3n de su documentaci\u00f3n para la residencia de Edwin en M\u00e9xico.<\/p>\n\n\n\n<p>Otra historia, la de M\u00f3nica Santa Sof\u00eda Arriaga, mexicana, y Jos\u00e9 Antonio Alvarado, hondure\u00f1o, compartieron su alegr\u00eda al recordar c\u00f3mo se conocieron en un asilo donde trabajaban. Jos\u00e9, quien ha vivido en M\u00e9xico durante 13 a\u00f1os, se mostr\u00f3 emocionado ante la expectativa de esta boda y del nuevo miembro en su familia, comentando: &#8220;Se nos hizo realidad este sue\u00f1o, adem\u00e1s ella est\u00e1 esperando un beb\u00e9 y por eso estamos muy felices&#8221;.<\/p>\n\n\n\n<p>Finalmente, Fernando Sustaita y Roberto Gonz\u00e1lez, una pareja igualitaria, tambi\u00e9n celebraron su amor en este emotivo evento, en el que juntos desde hace dos a\u00f1os, comentaron que se enamoraron uno del otro y se sintieron felices de consolidar su matrimonio despu\u00e9s de enterarse del evento a trav\u00e9s de las redes sociales.<\/p>\n\n\n\n<p>El evento adem\u00e1s de ser una celebraci\u00f3n del amor en sus diversas formas tambi\u00e9n puso de manifiesto el compromiso del Ayuntamiento de Soledad de Graciano S\u00e1nchez por apoyar a las parejas en su camino hacia la formalizaci\u00f3n de su relaci\u00f3n, lo que, sin duda, fue un d\u00eda lleno de emociones y nuevas historias de amor en el coraz\u00f3n de la comunidad.<\/p>\n","protected":false},"excerpt":{"rendered":"<p>Este viernes 14 de febrero, D\u00eda del Amor y la Amistad, el municipio de Soledad de Graciano S\u00e1nchez atestigu\u00f3 diversas historias de amor que culminaron en el programa Matrimonios Colectivos 2025, evento impulsado por el Alcalde, Juan Manuel Navarro Mu\u00f1iz. Entre los 150 relatos de vida en este d\u00eda, destaca la de V\u00edctor Manuel de [&hellip;]<\/p>\n","protected":false},"author":2,"featured_media":15092,"comment_status":"open","ping_status":"open","sticky":false,"template":"","format":"standard","meta":{"footnotes":""},"categories":[1,24,21],"tags":[1535,223,3383,3361,294,1780,261,27],"class_list":{"0":"post-15091","1":"post","2":"type-post","3":"status-publish","4":"format-standard","5":"has-post-thumbnail","7":"category-destacadas","8":"category-informacion-general","9":"category-tu-soledad","10":"tag-14-de-febrero","11":"tag-ayuntamiento-soledense","12":"tag-dia-de-san-valentin-2","13":"tag-dia-del-amor-y-la-amistad-2","14":"tag-san-luis","15":"tag-san-valentin","16":"tag-slp","17":"tag-soledad"},"_links":{"self":[{"href":"https:\/\/cronicadesoledad.com\/index.php\/wp-json\/wp\/v2\/posts\/15091","targetHints":{"allow":["GET"]}}],"collection":[{"href":"https:\/\/cronicadesoledad.com\/index.php\/wp-json\/wp\/v2\/posts"}],"about":[{"href":"https:\/\/cronicadesoledad.com\/index.php\/wp-json\/wp\/v2\/types\/post"}],"author":[{"embeddable":true,"href":"https:\/\/cronicadesoledad.com\/index.php\/wp-json\/wp\/v2\/users\/2"}],"replies":[{"embeddable":true,"href":"https:\/\/cronicadesoledad.com\/index.php\/wp-json\/wp\/v2\/comments?post=15091"}],"version-history":[{"count":1,"href":"https:\/\/cronicadesoledad.com\/index.php\/wp-json\/wp\/v2\/posts\/15091\/revisions"}],"predecessor-version":[{"id":15093,"href":"https:\/\/cronicadesoledad.com\/index.php\/wp-json\/wp\/v2\/posts\/15091\/revisions\/15093"}],"wp:featuredmedia":[{"embeddable":true,"href":"https:\/\/cronicadesoledad.com\/index.php\/wp-json\/wp\/v2\/media\/15092"}],"wp:attachment":[{"href":"https:\/\/cronicadesoledad.com\/index.php\/wp-json\/wp\/v2\/media?parent=15091"}],"wp:term":[{"taxonomy":"category","embeddable":true,"href":"https:\/\/cronicadesoledad.com\/index.php\/wp-json\/wp\/v2\/categories?post=15091"},{"taxonomy":"post_tag","embeddable":true,"href":"https:\/\/cronicadesoledad.com\/index.php\/wp-json\/wp\/v2\/tags?post=15091"}],"curies":[{"name":"wp","href":"https:\/\/api.w.org\/{rel}","templated":true}]}}