{"id":15103,"date":"2025-02-17T04:00:00","date_gmt":"2025-02-17T10:00:00","guid":{"rendered":"https:\/\/cronicadesoledad.com\/?p=15103"},"modified":"2025-02-17T00:42:06","modified_gmt":"2025-02-17T06:42:06","slug":"manuela-garcia-homicidio-de-daniela-martell-no-fue-feminicidio","status":"publish","type":"post","link":"https:\/\/cronicadesoledad.com\/index.php\/2025\/02\/17\/manuela-garcia-homicidio-de-daniela-martell-no-fue-feminicidio\/","title":{"rendered":"Manuela Garc\u00eda: Homicidio de Daniela Martell no fue feminicidio"},"content":{"rendered":"\n<p>ZARAGOZA. &#8211; La Fiscal\u00eda General del Estado (FGE) confirm\u00f3 que el asesinato de Daniela Martell Orozco, pintora y conductora de la plataforma InDrive, est\u00e1 vinculado a la venta de drogas. Sin embargo, la familia de la v\u00edctima ha rechazado esta versi\u00f3n, se\u00f1alando que carece de fundamento y que solo contribuye a la estigmatizaci\u00f3n de Daniela.<\/p>\n\n\n\n<p>Mar\u00eda Manuela Garc\u00eda C\u00e1zares, titular de la FGE, inform\u00f3 que Daniela desapareci\u00f3 el 6 de enero y perdi\u00f3 la vida el d\u00eda siguiente. Posteriormente, su cuerpo fue trasladado a un predio en el municipio de Zaragoza. La denuncia por su desaparici\u00f3n fue interpuesta por su familia el 8 de enero.<\/p>\n\n\n\n<p>En conferencia de prensa, la fiscal detall\u00f3 que cinco personas han sido detenidas y est\u00e1n acusadas de secuestro agravado y privaci\u00f3n ilegal de la libertad. De acuerdo con las investigaciones, los presuntos responsables formar\u00edan parte de una c\u00e9lula del crimen organizado.<\/p>\n\n\n\n<p>Garc\u00eda C\u00e1zares tambi\u00e9n descart\u00f3 que el caso sea tipificado como feminicidio, reiterando que la principal l\u00ednea de investigaci\u00f3n est\u00e1 relacionada con la venta de drogas. &#8220;Se manejaron tres l\u00edneas de investigaci\u00f3n, pero la que se consolid\u00f3 fue el tema del narcomenudeo&#8221;, declar\u00f3.<\/p>\n\n\n\n<p>No obstante, en su momento, la familia de Daniela Martell expres\u00f3 su inconformidad con esta versi\u00f3n oficial, argumentando que se trata de una narrativa que revictimiza a la joven y desv\u00eda la atenci\u00f3n de lo verdaderamente importante: la exigencia de justicia.<\/p>\n\n\n\n<p>La divulgaci\u00f3n de estos detalles gener\u00f3 cr\u00edticas sobre el manejo del caso y el trato a la memoria de la v\u00edctima. Colectivos y ciudadanos han exigido que las autoridades prioricen la verdad y la justicia sin criminalizar a Daniela.<\/p>\n\n\n\n<p>El caso contin\u00faa en proceso y se espera que las investigaciones ofrezcan mayor claridad sobre los hechos.<\/p>\n","protected":false},"excerpt":{"rendered":"<p>ZARAGOZA. &#8211; La Fiscal\u00eda General del Estado (FGE) confirm\u00f3 que el asesinato de Daniela Martell Orozco, pintora y conductora de la plataforma InDrive, est\u00e1 vinculado a la venta de drogas. Sin embargo, la familia de la v\u00edctima ha rechazado esta versi\u00f3n, se\u00f1alando que carece de fundamento y que solo contribuye a la estigmatizaci\u00f3n de Daniela. [&hellip;]<\/p>\n","protected":false},"author":2,"featured_media":15108,"comment_status":"open","ping_status":"open","sticky":false,"template":"","format":"standard","meta":{"footnotes":""},"categories":[30,1,24,19],"tags":[3124,472,473,3386,294,276,261,1078],"class_list":{"0":"post-15103","1":"post","2":"type-post","3":"status-publish","4":"format-standard","5":"has-post-thumbnail","7":"category-de-la-region-centro","8":"category-destacadas","9":"category-informacion-general","10":"category-seguridad","11":"tag-daniela-martell","12":"tag-feminicidio","13":"tag-fgeslp","14":"tag-manuela-cazares","15":"tag-san-luis","16":"tag-seguridad","17":"tag-slp","18":"tag-zaragoza"},"_links":{"self":[{"href":"https:\/\/cronicadesoledad.com\/index.php\/wp-json\/wp\/v2\/posts\/15103","targetHints":{"allow":["GET"]}}],"collection":[{"href":"https:\/\/cronicadesoledad.com\/index.php\/wp-json\/wp\/v2\/posts"}],"about":[{"href":"https:\/\/cronicadesoledad.com\/index.php\/wp-json\/wp\/v2\/types\/post"}],"author":[{"embeddable":true,"href":"https:\/\/cronicadesoledad.com\/index.php\/wp-json\/wp\/v2\/users\/2"}],"replies":[{"embeddable":true,"href":"https:\/\/cronicadesoledad.com\/index.php\/wp-json\/wp\/v2\/comments?post=15103"}],"version-history":[{"count":1,"href":"https:\/\/cronicadesoledad.com\/index.php\/wp-json\/wp\/v2\/posts\/15103\/revisions"}],"predecessor-version":[{"id":15109,"href":"https:\/\/cronicadesoledad.com\/index.php\/wp-json\/wp\/v2\/posts\/15103\/revisions\/15109"}],"wp:featuredmedia":[{"embeddable":true,"href":"https:\/\/cronicadesoledad.com\/index.php\/wp-json\/wp\/v2\/media\/15108"}],"wp:attachment":[{"href":"https:\/\/cronicadesoledad.com\/index.php\/wp-json\/wp\/v2\/media?parent=15103"}],"wp:term":[{"taxonomy":"category","embeddable":true,"href":"https:\/\/cronicadesoledad.com\/index.php\/wp-json\/wp\/v2\/categories?post=15103"},{"taxonomy":"post_tag","embeddable":true,"href":"https:\/\/cronicadesoledad.com\/index.php\/wp-json\/wp\/v2\/tags?post=15103"}],"curies":[{"name":"wp","href":"https:\/\/api.w.org\/{rel}","templated":true}]}}