{"id":15110,"date":"2025-02-17T04:15:00","date_gmt":"2025-02-17T10:15:00","guid":{"rendered":"https:\/\/cronicadesoledad.com\/?p=15110"},"modified":"2025-02-17T00:44:52","modified_gmt":"2025-02-17T06:44:52","slug":"cautivo-francois-i-martinez-a-soledenses-con-concierto-de-gala","status":"publish","type":"post","link":"https:\/\/cronicadesoledad.com\/index.php\/2025\/02\/17\/cautivo-francois-i-martinez-a-soledenses-con-concierto-de-gala\/","title":{"rendered":"Cautiv\u00f3 Fran\u00e7ois I. Mart\u00ednez a soledenses con concierto de gala"},"content":{"rendered":"\n<p>Fran\u00e7ois I. Mart\u00ednez, el contratenor potosino que, a finales del a\u00f1o pasado, realiz\u00f3 una importante gira por distintas ciudades italianas, deslumbr\u00f3 al p\u00fablico soledense con un espectacular concierto en el marco del III Festival de M\u00fasica Juli\u00e1n Carrillo, evento en el que abord\u00f3 un interesante repertorio de m\u00fasica barroca y que le permiti\u00f3 demostrar sus habilidades art\u00edsticas con las que se gan\u00f3 el aplauso y reconocimiento de los asistentes.<\/p>\n\n\n\n<p>Acompa\u00f1ado por el Ensamble Siroe y teniendo como escenario la Parroquia de Nuestra Se\u00f1ora de la Soledad, I. Mart\u00ednez hizo un recorrido por la historia de la m\u00fasica m\u00e1s representativa de la \u00e9poca barroca, obras que, principalmente, fueron compuestas para los famosos castrati, hombres que, de ni\u00f1os, fueron castrados para conservar una voz blanca, dulce y armoniosa, pero con la madurez de una persona adulta que, adem\u00e1s, era sometida a una rigurosa formaci\u00f3n musical y que llegaron a convertirse en verdaderos \u201crockstars\u201d.<\/p>\n\n\n\n<p>Durante la presentaci\u00f3n, el artista interactu\u00f3 con los asistentes a quienes comparti\u00f3 informaci\u00f3n sobre las obras que se iban interpretando. El p\u00fablico agradeci\u00f3 el gesto pues, comentaron, no s\u00f3lo pudieron disfrutar de las interpretaciones del cantante, sino que, a la par, comprendieron el sentido de la m\u00fasica y conocieron un poco m\u00e1s sobre la cultura y la m\u00fasica barroca.<\/p>\n\n\n\n<p>Al t\u00e9rmino del concierto, entre aplausos y ovaciones, Fran\u00e7ois I. Mart\u00ednez agradeci\u00f3 la compa\u00f1\u00eda del p\u00fablico, de los m\u00fasicos que lo acompa\u00f1aron magistralmente en todo momento y el esfuerzo que la Asociaci\u00f3n Civil El Gran Tunal hizo para poder realizar este festival en honor al m\u00fasico y cient\u00edfico potosino Juli\u00e1n Carrillo.<\/p>\n","protected":false},"excerpt":{"rendered":"<p>Fran\u00e7ois I. Mart\u00ednez, el contratenor potosino que, a finales del a\u00f1o pasado, realiz\u00f3 una importante gira por distintas ciudades italianas, deslumbr\u00f3 al p\u00fablico soledense con un espectacular concierto en el marco del III Festival de M\u00fasica Juli\u00e1n Carrillo, evento en el que abord\u00f3 un interesante repertorio de m\u00fasica barroca y que le permiti\u00f3 demostrar sus [&hellip;]<\/p>\n","protected":false},"author":2,"featured_media":15111,"comment_status":"open","ping_status":"open","sticky":false,"template":"","format":"standard","meta":{"footnotes":""},"categories":[1,24],"tags":[3022,3039,294,261,27],"class_list":{"0":"post-15110","1":"post","2":"type-post","3":"status-publish","4":"format-standard","5":"has-post-thumbnail","7":"category-destacadas","8":"category-informacion-general","9":"tag-francois-martinez","10":"tag-musica-3","11":"tag-san-luis","12":"tag-slp","13":"tag-soledad"},"_links":{"self":[{"href":"https:\/\/cronicadesoledad.com\/index.php\/wp-json\/wp\/v2\/posts\/15110","targetHints":{"allow":["GET"]}}],"collection":[{"href":"https:\/\/cronicadesoledad.com\/index.php\/wp-json\/wp\/v2\/posts"}],"about":[{"href":"https:\/\/cronicadesoledad.com\/index.php\/wp-json\/wp\/v2\/types\/post"}],"author":[{"embeddable":true,"href":"https:\/\/cronicadesoledad.com\/index.php\/wp-json\/wp\/v2\/users\/2"}],"replies":[{"embeddable":true,"href":"https:\/\/cronicadesoledad.com\/index.php\/wp-json\/wp\/v2\/comments?post=15110"}],"version-history":[{"count":1,"href":"https:\/\/cronicadesoledad.com\/index.php\/wp-json\/wp\/v2\/posts\/15110\/revisions"}],"predecessor-version":[{"id":15112,"href":"https:\/\/cronicadesoledad.com\/index.php\/wp-json\/wp\/v2\/posts\/15110\/revisions\/15112"}],"wp:featuredmedia":[{"embeddable":true,"href":"https:\/\/cronicadesoledad.com\/index.php\/wp-json\/wp\/v2\/media\/15111"}],"wp:attachment":[{"href":"https:\/\/cronicadesoledad.com\/index.php\/wp-json\/wp\/v2\/media?parent=15110"}],"wp:term":[{"taxonomy":"category","embeddable":true,"href":"https:\/\/cronicadesoledad.com\/index.php\/wp-json\/wp\/v2\/categories?post=15110"},{"taxonomy":"post_tag","embeddable":true,"href":"https:\/\/cronicadesoledad.com\/index.php\/wp-json\/wp\/v2\/tags?post=15110"}],"curies":[{"name":"wp","href":"https:\/\/api.w.org\/{rel}","templated":true}]}}