{"id":15116,"date":"2025-02-17T09:17:18","date_gmt":"2025-02-17T15:17:18","guid":{"rendered":"https:\/\/cronicadesoledad.com\/?p=15116"},"modified":"2025-02-17T09:17:19","modified_gmt":"2025-02-17T15:17:19","slug":"preocupa-aumento-de-violencia-familiar-en-soledad","status":"publish","type":"post","link":"https:\/\/cronicadesoledad.com\/index.php\/2025\/02\/17\/preocupa-aumento-de-violencia-familiar-en-soledad\/","title":{"rendered":"Preocupa aumento de violencia familiar en Soledad"},"content":{"rendered":"\n<p>Los casos de violencia familiar en Soledad de Graciano S\u00e1nchez siguen siendo una preocupaci\u00f3n creciente. Durante 2024, el Sistema Estatal para el Desarrollo Integral de la Familia (DIF) atendi\u00f3 76 reportes en el municipio, y en lo que va de 2025, ya se han registrado ocho nuevos casos.<\/p>\n\n\n\n<p>La directora general del DIF estatal, Virginia Z\u00fa\u00f1iga Maldonado, se\u00f1al\u00f3 que estos reportes reflejan un patr\u00f3n alarmante de maltrato y abandono infantil. Entre las denuncias recibidas se incluyen situaciones de desatenci\u00f3n, falta de acceso a servicios b\u00e1sicos como salud y educaci\u00f3n, as\u00ed como casos de violencia f\u00edsica y psicol\u00f3gica. Algunos incidentes reportados han implicado abuso sexual, lo que ha requerido intervenciones urgentes para proteger a las v\u00edctimas.<\/p>\n\n\n\n<p>Z\u00fa\u00f1iga Maldonado destac\u00f3 el impacto negativo que la violencia tiene en el bienestar emocional y desarrollo de los menores. &#8220;Muchas veces,&nbsp;los ni\u00f1os no tienen la capacidad de pedir ayuda por s\u00ed mismos, ya sea por miedo o por no entender la gravedad de la situaci\u00f3n. Por eso, la responsabilidad recae sobre nosotros como comunidad para estar atentos y denunciar cualquier se\u00f1al de abuso&#8221;, expres\u00f3.<\/p>\n\n\n\n<p>El DIF estatal, en coordinaci\u00f3n con la Procuradur\u00eda de Protecci\u00f3n de Ni\u00f1as, Ni\u00f1os y Adolescentes (PPNNA), da seguimiento a estos casos. Los menores en situaci\u00f3n de alta vulnerabilidad pueden ser resguardados en Casa Cuna, donde reciben atenci\u00f3n integral.<\/p>\n\n\n\n<p>Las autoridades han hecho un llamado a la poblaci\u00f3n para denunciar cualquier indicio de maltrato y colaborar en la protecci\u00f3n de la infancia. <\/p>\n","protected":false},"excerpt":{"rendered":"<p>Los casos de violencia familiar en Soledad de Graciano S\u00e1nchez siguen siendo una preocupaci\u00f3n creciente. Durante 2024, el Sistema Estatal para el Desarrollo Integral de la Familia (DIF) atendi\u00f3 76 reportes en el municipio, y en lo que va de 2025, ya se han registrado ocho nuevos casos. La directora general del DIF estatal, Virginia [&hellip;]<\/p>\n","protected":false},"author":1,"featured_media":15117,"comment_status":"open","ping_status":"open","sticky":false,"template":"","format":"standard","meta":{"footnotes":""},"categories":[1,24],"tags":[2447,387,294,261,27,1900],"class_list":{"0":"post-15116","1":"post","2":"type-post","3":"status-publish","4":"format-standard","5":"has-post-thumbnail","7":"category-destacadas","8":"category-informacion-general","9":"tag-aumento","10":"tag-dif","11":"tag-san-luis","12":"tag-slp","13":"tag-soledad","14":"tag-violencia-familiar"},"_links":{"self":[{"href":"https:\/\/cronicadesoledad.com\/index.php\/wp-json\/wp\/v2\/posts\/15116","targetHints":{"allow":["GET"]}}],"collection":[{"href":"https:\/\/cronicadesoledad.com\/index.php\/wp-json\/wp\/v2\/posts"}],"about":[{"href":"https:\/\/cronicadesoledad.com\/index.php\/wp-json\/wp\/v2\/types\/post"}],"author":[{"embeddable":true,"href":"https:\/\/cronicadesoledad.com\/index.php\/wp-json\/wp\/v2\/users\/1"}],"replies":[{"embeddable":true,"href":"https:\/\/cronicadesoledad.com\/index.php\/wp-json\/wp\/v2\/comments?post=15116"}],"version-history":[{"count":1,"href":"https:\/\/cronicadesoledad.com\/index.php\/wp-json\/wp\/v2\/posts\/15116\/revisions"}],"predecessor-version":[{"id":15118,"href":"https:\/\/cronicadesoledad.com\/index.php\/wp-json\/wp\/v2\/posts\/15116\/revisions\/15118"}],"wp:featuredmedia":[{"embeddable":true,"href":"https:\/\/cronicadesoledad.com\/index.php\/wp-json\/wp\/v2\/media\/15117"}],"wp:attachment":[{"href":"https:\/\/cronicadesoledad.com\/index.php\/wp-json\/wp\/v2\/media?parent=15116"}],"wp:term":[{"taxonomy":"category","embeddable":true,"href":"https:\/\/cronicadesoledad.com\/index.php\/wp-json\/wp\/v2\/categories?post=15116"},{"taxonomy":"post_tag","embeddable":true,"href":"https:\/\/cronicadesoledad.com\/index.php\/wp-json\/wp\/v2\/tags?post=15116"}],"curies":[{"name":"wp","href":"https:\/\/api.w.org\/{rel}","templated":true}]}}