{"id":15197,"date":"2025-02-20T21:45:00","date_gmt":"2025-02-21T03:45:00","guid":{"rendered":"https:\/\/cronicadesoledad.com\/?p=15197"},"modified":"2025-02-20T21:16:33","modified_gmt":"2025-02-21T03:16:33","slug":"soledad-tiene-suficiencia-economica-para-gestionar-su-propio-servicio-de-agua-navarro","status":"publish","type":"post","link":"https:\/\/cronicadesoledad.com\/index.php\/2025\/02\/20\/soledad-tiene-suficiencia-economica-para-gestionar-su-propio-servicio-de-agua-navarro\/","title":{"rendered":"Soledad puede gestionar su propio servicio de agua: Navarro"},"content":{"rendered":"\n<p>Soledad de Graciano S\u00e1nchez avanza firmemente hacia la desincorporaci\u00f3n del organismo operador INTERAPAS, respaldado por el Congreso del Estado, que ha dado visto bueno para que el pr\u00f3ximo mes se presente el primer paso del proceso correspondiente.<\/p>\n\n\n\n<p>El Alcalde, Juan Manuel Navarro Mu\u00f1iz asegur\u00f3 que el municipio cuenta con suficiencia econ\u00f3mica para gestionar de manera independiente el servicio de agua potable, lo que traer\u00e1 beneficios directos a la poblaci\u00f3n, al garantizar un servicio primordial como un derecho en la constituci\u00f3n.<\/p>\n\n\n\n<p>\u201cNos va a ir mejor sin estar en el organismo, lo hemos venido diciendo, Soledad tiene la capacidad econ\u00f3mica y la estructura para manejar su propio sistema de agua, lo que garantizar\u00e1 un servicio eficiente y de calidad para las familias soledenses\u201d, enfatiz\u00f3 el edil.<\/p>\n\n\n\n<p>Detall\u00f3 que, el Congreso del Estado, a trav\u00e9s de la Comisi\u00f3n del Agua, solicit\u00f3 una serie de requisitos para avanzar en la desincorporaci\u00f3n; en respuesta, el Ayuntamiento de Soledad de Graciano S\u00e1nchez ya trabaja para el cumplimiento de estos requerimientos, en coordinaci\u00f3n con la ciudadan\u00eda. \u201cEs important\u00edsimo hac\u00e9rselo saber a las colonias, porque este es un cambio que impactar\u00e1 directamente en su bienestar\u201d, indic\u00f3 el Alcalde.<\/p>\n\n\n\n<p>El edil subray\u00f3 que la propuesta no busca desaparecer el organismo, sino la desincorporaci\u00f3n exclusiva del municipio de Soledad de Graciano S\u00e1nchez, sin afectar a otros municipios como Cerro de San Pedro y Villa de Pozos, los cuales integran la Junta de Gobierno.<\/p>\n\n\n\n<p>Asimismo, destac\u00f3 el respaldo de los diputados locales Diana Ruelas Gayt\u00e1n y Fernando G\u00e1mez Mac\u00edas, quienes han sido clave en la gesti\u00f3n del proceso dentro del Congreso. \u201cAhora la responsabilidad est\u00e1 en nuestra cancha, ya tenemos los lineamientos y los vamos a cumplir para que esto no se quede en palabras\u201d, asegur\u00f3 Navarro Mu\u00f1iz.<\/p>\n\n\n\n<p>Si bien el proceso de desincorporaci\u00f3n no tiene una fecha l\u00edmite establecida, el Alcalde reiter\u00f3 su compromiso de mantener la gesti\u00f3n hasta lograr la autonom\u00eda en la administraci\u00f3n del agua. \u201cNo vamos a quitar el dedo del rengl\u00f3n, vamos a insistir y a estar encima del Congreso para que esto avance lo m\u00e1s pronto posible\u201d, finaliz\u00f3.<\/p>\n","protected":false},"excerpt":{"rendered":"<p>Soledad de Graciano S\u00e1nchez avanza firmemente hacia la desincorporaci\u00f3n del organismo operador INTERAPAS, respaldado por el Congreso del Estado, que ha dado visto bueno para que el pr\u00f3ximo mes se presente el primer paso del proceso correspondiente. El Alcalde, Juan Manuel Navarro Mu\u00f1iz asegur\u00f3 que el municipio cuenta con suficiencia econ\u00f3mica para gestionar de manera [&hellip;]<\/p>\n","protected":false},"author":2,"featured_media":15198,"comment_status":"open","ping_status":"open","sticky":false,"template":"","format":"standard","meta":{"footnotes":""},"categories":[1,24,21],"tags":[530,1968,223,1967,294,261,27],"class_list":{"0":"post-15197","1":"post","2":"type-post","3":"status-publish","4":"format-standard","5":"has-post-thumbnail","7":"category-destacadas","8":"category-informacion-general","9":"category-tu-soledad","10":"tag-agua","11":"tag-alcalde","12":"tag-ayuntamiento-soledense","13":"tag-juan-manuel-navarro","14":"tag-san-luis","15":"tag-slp","16":"tag-soledad"},"_links":{"self":[{"href":"https:\/\/cronicadesoledad.com\/index.php\/wp-json\/wp\/v2\/posts\/15197","targetHints":{"allow":["GET"]}}],"collection":[{"href":"https:\/\/cronicadesoledad.com\/index.php\/wp-json\/wp\/v2\/posts"}],"about":[{"href":"https:\/\/cronicadesoledad.com\/index.php\/wp-json\/wp\/v2\/types\/post"}],"author":[{"embeddable":true,"href":"https:\/\/cronicadesoledad.com\/index.php\/wp-json\/wp\/v2\/users\/2"}],"replies":[{"embeddable":true,"href":"https:\/\/cronicadesoledad.com\/index.php\/wp-json\/wp\/v2\/comments?post=15197"}],"version-history":[{"count":2,"href":"https:\/\/cronicadesoledad.com\/index.php\/wp-json\/wp\/v2\/posts\/15197\/revisions"}],"predecessor-version":[{"id":15200,"href":"https:\/\/cronicadesoledad.com\/index.php\/wp-json\/wp\/v2\/posts\/15197\/revisions\/15200"}],"wp:featuredmedia":[{"embeddable":true,"href":"https:\/\/cronicadesoledad.com\/index.php\/wp-json\/wp\/v2\/media\/15198"}],"wp:attachment":[{"href":"https:\/\/cronicadesoledad.com\/index.php\/wp-json\/wp\/v2\/media?parent=15197"}],"wp:term":[{"taxonomy":"category","embeddable":true,"href":"https:\/\/cronicadesoledad.com\/index.php\/wp-json\/wp\/v2\/categories?post=15197"},{"taxonomy":"post_tag","embeddable":true,"href":"https:\/\/cronicadesoledad.com\/index.php\/wp-json\/wp\/v2\/tags?post=15197"}],"curies":[{"name":"wp","href":"https:\/\/api.w.org\/{rel}","templated":true}]}}