{"id":15204,"date":"2025-02-20T22:30:00","date_gmt":"2025-02-21T04:30:00","guid":{"rendered":"https:\/\/cronicadesoledad.com\/?p=15204"},"modified":"2025-02-20T21:28:29","modified_gmt":"2025-02-21T03:28:29","slug":"este-25-de-febrero-invitan-a-la-feria-del-empleo","status":"publish","type":"post","link":"https:\/\/cronicadesoledad.com\/index.php\/2025\/02\/20\/este-25-de-febrero-invitan-a-la-feria-del-empleo\/","title":{"rendered":"Este 25 de febrero, invitan a la Feria del Empleo"},"content":{"rendered":"\n<p>Con el firme compromiso de asegurar mejores oportunidades laborales para las familias soledenses, el Gobierno Municipal, a trav\u00e9s de la Direcci\u00f3n de Desarrollo Econ\u00f3mico, invita a la ciudadan\u00eda a participar en la Feria del Empleo que se llevar\u00e1 a cabo el pr\u00f3ximo 25 de febrero en el Teatro y Centro Cultural ubicado en la colonia Rancho Blanco.<\/p>\n\n\n\n<p>En este evento, m\u00e1s de 25 empresas de diversos sectores ofrecer\u00e1n una amplia gama de vacantes, con el prop\u00f3sito de acercar a la poblaci\u00f3n opciones laborales que fortalezcan la econom\u00eda y bienestar de sus hogares; adem\u00e1s, como parte del compromiso del Gobierno Municipal con los sectores m\u00e1s vulnerables, se habilitar\u00e1 un stand especial para brindar apoyo a los paisanos deportados de Estados Unidos, a fin de facilitar su reinserci\u00f3n laboral en el municipio.<\/p>\n\n\n\n<p>El director de Desarrollo Econ\u00f3mico, H\u00e9ctor Xavier Andrade Ovalle destac\u00f3 que esta iniciativa responde a las instrucciones del Alcalde Juan Manuel Navarro Mu\u00f1iz, de fortalecer el acceso a empleos formales y bien remunerados para las y los soledenses. &#8220;Esta Feria representa una gran oportunidad para quienes buscan trabajo o desean mejorar sus condiciones laborales, ya que contaremos con empresas de diferentes giros que ofrecen salarios competitivos y prestaciones de ley&#8221;, afirm\u00f3.<\/p>\n\n\n\n<p>La Feria del Empleo estar\u00e1 abierta desde 8 de la ma\u00f1ana y contar\u00e1 con asesor\u00eda personalizada para las y los asistentes, quienes podr\u00e1n recibir orientaci\u00f3n sobre la elaboraci\u00f3n de curr\u00edculums y el proceso de entrevistas laborales. As\u00ed mismo habr\u00e1 transporte p\u00fablico gratuito saliendo desde la plaza principal de Soledad a las 9 y a las 11 de la ma\u00f1ana, por lo que se recomienda a las y los interesados acudir con su documentaci\u00f3n b\u00e1sica, como identificaci\u00f3n oficial y solicitudes de empleo.<\/p>\n\n\n\n<p>Con este primer Feria del Empleo en la actual administraci\u00f3n, el Ayuntamiento de Soledad de Graciano S\u00e1nchez reafirma su compromiso de estar cerca de la poblaci\u00f3n y trabajar en estrategias que impulsen el desarrollo econ\u00f3mico del municipio, generando condiciones favorables para el bienestar de las familias soledenses.<\/p>\n","protected":false},"excerpt":{"rendered":"<p>Con el firme compromiso de asegurar mejores oportunidades laborales para las familias soledenses, el Gobierno Municipal, a trav\u00e9s de la Direcci\u00f3n de Desarrollo Econ\u00f3mico, invita a la ciudadan\u00eda a participar en la Feria del Empleo que se llevar\u00e1 a cabo el pr\u00f3ximo 25 de febrero en el Teatro y Centro Cultural ubicado en la colonia [&hellip;]<\/p>\n","protected":false},"author":2,"featured_media":15205,"comment_status":"open","ping_status":"open","sticky":false,"template":"","format":"standard","meta":{"footnotes":""},"categories":[1,24,21],"tags":[223,1765,120,294,261,27],"class_list":{"0":"post-15204","1":"post","2":"type-post","3":"status-publish","4":"format-standard","5":"has-post-thumbnail","7":"category-destacadas","8":"category-informacion-general","9":"category-tu-soledad","10":"tag-ayuntamiento-soledense","11":"tag-empleo","12":"tag-feria-del-empleo","13":"tag-san-luis","14":"tag-slp","15":"tag-soledad"},"_links":{"self":[{"href":"https:\/\/cronicadesoledad.com\/index.php\/wp-json\/wp\/v2\/posts\/15204","targetHints":{"allow":["GET"]}}],"collection":[{"href":"https:\/\/cronicadesoledad.com\/index.php\/wp-json\/wp\/v2\/posts"}],"about":[{"href":"https:\/\/cronicadesoledad.com\/index.php\/wp-json\/wp\/v2\/types\/post"}],"author":[{"embeddable":true,"href":"https:\/\/cronicadesoledad.com\/index.php\/wp-json\/wp\/v2\/users\/2"}],"replies":[{"embeddable":true,"href":"https:\/\/cronicadesoledad.com\/index.php\/wp-json\/wp\/v2\/comments?post=15204"}],"version-history":[{"count":1,"href":"https:\/\/cronicadesoledad.com\/index.php\/wp-json\/wp\/v2\/posts\/15204\/revisions"}],"predecessor-version":[{"id":15206,"href":"https:\/\/cronicadesoledad.com\/index.php\/wp-json\/wp\/v2\/posts\/15204\/revisions\/15206"}],"wp:featuredmedia":[{"embeddable":true,"href":"https:\/\/cronicadesoledad.com\/index.php\/wp-json\/wp\/v2\/media\/15205"}],"wp:attachment":[{"href":"https:\/\/cronicadesoledad.com\/index.php\/wp-json\/wp\/v2\/media?parent=15204"}],"wp:term":[{"taxonomy":"category","embeddable":true,"href":"https:\/\/cronicadesoledad.com\/index.php\/wp-json\/wp\/v2\/categories?post=15204"},{"taxonomy":"post_tag","embeddable":true,"href":"https:\/\/cronicadesoledad.com\/index.php\/wp-json\/wp\/v2\/tags?post=15204"}],"curies":[{"name":"wp","href":"https:\/\/api.w.org\/{rel}","templated":true}]}}