{"id":15210,"date":"2025-02-21T15:18:46","date_gmt":"2025-02-21T21:18:46","guid":{"rendered":"https:\/\/cronicadesoledad.com\/?p=15210"},"modified":"2025-02-21T15:18:47","modified_gmt":"2025-02-21T21:18:47","slug":"soledad-refuerza-acciones-contra-el-bullying-en-escuelas","status":"publish","type":"post","link":"https:\/\/cronicadesoledad.com\/index.php\/2025\/02\/21\/soledad-refuerza-acciones-contra-el-bullying-en-escuelas\/","title":{"rendered":"Soledad refuerza acciones contra el bullying en escuelas"},"content":{"rendered":"\n<p>El Ayuntamiento de Soledad de Graciano S\u00e1nchez, por medio de la Direcci\u00f3n de Educaci\u00f3n y Acci\u00f3n C\u00edvica, ha implementado una serie de estrategias enfocadas en la prevenci\u00f3n del bullying, con el objetivo de crear entornos seguros para los estudiantes del municipio. Este programa, que incluye pl\u00e1ticas sobre la importancia de erradicar la violencia escolar, se ha llevado a cabo en diversas instituciones educativas locales.<\/p>\n\n\n\n<p>Velia Guadalupe Castro Granja, directora de la dependencia, se\u00f1al\u00f3 que esta iniciativa responde a una instrucci\u00f3n directa del alcalde, Juan Manuel Navarro Mu\u00f1iz, quien ha enfatizado la necesidad de trabajar de cerca con las escuelas para garantizar que los estudiantes puedan desarrollarse en ambientes educativos libres de violencia.<\/p>\n\n\n\n<p>En colaboraci\u00f3n con estudiantes en pr\u00e1cticas de la Universidad Pedag\u00f3gica Nacional, se han realizado acciones de sensibilizaci\u00f3n y concientizaci\u00f3n entre el alumnado, enfocadas en la prevenci\u00f3n de riesgos. Adem\u00e1s, con el apoyo del Instituto Temazcalli, se ha logrado extender la cobertura de estas actividades a m\u00e1s escuelas del municipio, respondiendo a las solicitudes de los planteles que han solicitado este tipo de orientaci\u00f3n.<\/p>\n\n\n\n<p>Las pl\u00e1ticas se han llevado a cabo en diferentes escuelas, destacando la secundaria &#8220;Graciano S\u00e1nchez&#8221; en turno vespertino, y pr\u00f3ximamente se visitar\u00e1n otras instituciones como la primaria &#8220;Antonio Soto Sol\u00eds&#8221;, la primaria &#8220;San Luis de la Patria&#8221;, la secundaria &#8220;Juan Miranda Uresti&#8221; y la secundaria General &#8220;21 de Marzo de 1806&#8221;.<\/p>\n","protected":false},"excerpt":{"rendered":"<p>El Ayuntamiento de Soledad de Graciano S\u00e1nchez, por medio de la Direcci\u00f3n de Educaci\u00f3n y Acci\u00f3n C\u00edvica, ha implementado una serie de estrategias enfocadas en la prevenci\u00f3n del bullying, con el objetivo de crear entornos seguros para los estudiantes del municipio. Este programa, que incluye pl\u00e1ticas sobre la importancia de erradicar la violencia escolar, se [&hellip;]<\/p>\n","protected":false},"author":1,"featured_media":15211,"comment_status":"open","ping_status":"open","sticky":false,"template":"","format":"standard","meta":{"footnotes":""},"categories":[1,24],"tags":[223,3332,320,565,256,294,261,27],"class_list":{"0":"post-15210","1":"post","2":"type-post","3":"status-publish","4":"format-standard","5":"has-post-thumbnail","7":"category-destacadas","8":"category-informacion-general","9":"tag-ayuntamiento-soledense","10":"tag-bullying","11":"tag-educacion","12":"tag-escuelas","13":"tag-estudiantes","14":"tag-san-luis","15":"tag-slp","16":"tag-soledad"},"_links":{"self":[{"href":"https:\/\/cronicadesoledad.com\/index.php\/wp-json\/wp\/v2\/posts\/15210","targetHints":{"allow":["GET"]}}],"collection":[{"href":"https:\/\/cronicadesoledad.com\/index.php\/wp-json\/wp\/v2\/posts"}],"about":[{"href":"https:\/\/cronicadesoledad.com\/index.php\/wp-json\/wp\/v2\/types\/post"}],"author":[{"embeddable":true,"href":"https:\/\/cronicadesoledad.com\/index.php\/wp-json\/wp\/v2\/users\/1"}],"replies":[{"embeddable":true,"href":"https:\/\/cronicadesoledad.com\/index.php\/wp-json\/wp\/v2\/comments?post=15210"}],"version-history":[{"count":1,"href":"https:\/\/cronicadesoledad.com\/index.php\/wp-json\/wp\/v2\/posts\/15210\/revisions"}],"predecessor-version":[{"id":15212,"href":"https:\/\/cronicadesoledad.com\/index.php\/wp-json\/wp\/v2\/posts\/15210\/revisions\/15212"}],"wp:featuredmedia":[{"embeddable":true,"href":"https:\/\/cronicadesoledad.com\/index.php\/wp-json\/wp\/v2\/media\/15211"}],"wp:attachment":[{"href":"https:\/\/cronicadesoledad.com\/index.php\/wp-json\/wp\/v2\/media?parent=15210"}],"wp:term":[{"taxonomy":"category","embeddable":true,"href":"https:\/\/cronicadesoledad.com\/index.php\/wp-json\/wp\/v2\/categories?post=15210"},{"taxonomy":"post_tag","embeddable":true,"href":"https:\/\/cronicadesoledad.com\/index.php\/wp-json\/wp\/v2\/tags?post=15210"}],"curies":[{"name":"wp","href":"https:\/\/api.w.org\/{rel}","templated":true}]}}